{"id":2950,"date":"2025-10-01T10:49:38","date_gmt":"2025-10-01T10:49:38","guid":{"rendered":"https:\/\/www.predsjednikfbih.gov.ba\/?p=2950"},"modified":"2025-10-01T10:53:02","modified_gmt":"2025-10-01T10:53:02","slug":"predsjednica-bradara-u-gornjem-vakufu-uskoplju-dan-opcine-i-posjet-rancu-novakovic","status":"publish","type":"post","link":"https:\/\/www.predsjednikfbih.gov.ba\/index.php\/2025\/10\/01\/predsjednica-bradara-u-gornjem-vakufu-uskoplju-dan-opcine-i-posjet-rancu-novakovic\/","title":{"rendered":"Predsjednica Bradara u Gornjem Vakufu-Uskoplju: Dan op\u0107ine i posjet \"Ranchu Novakovi\u0107\""},"content":{"rendered":"<h3><span style=\"-webkit-text-size-adjust: 100%;\">U dvorani Doma kulture u Gornjem Vakufu-Uskoplju danas je odr\u017eana sve\u010dana sjednica Op\u0107inskog vije\u0107a povodom Dana op\u0107ine, uz nazo\u010dnost brojnih uzvanika iz politi\u010dkog, dru\u0161tvenog i javnog \u017eivota.<\/span><\/h3>\n<p>Me\u0111u uzvanicima bila je i predsjednica Federacije BiH Lidija Bradara, koja se obratila prigodnim govorom.<\/p>\n<p>\u201e<em>Te\u0161ko \u0107emo ikada prona\u0107i idealan model za sve, no ako nastojimo gledati naprijed i stvarati dobrobit za zajednicu, onda su statuti i zakoni samo okvir. Vrijeme kultova li\u010dnosti je iza nas - narod, bez obzira na vjeru ili naciju, \u017eeli bolji \u017eivot. Bosna i Hercegovina je prekrasna zemlja, a Sredi\u0161nja Bosna njezin najljep\u0161i dio, s ogromnim neiskori\u0161tenim potencijalima\u201c<\/em>, istaknula je Bradara.<\/p>\n<p>Dodala je da budu\u0107nost le\u017ei u mladima, poduzetni\u0161tvu i zajedni\u010dkom radu na unaprje\u0111enju lokalnih zajednica, te zahvalila svima koji, iako \u017eive izvan domovine, ostaju vezani za svoj kraj. Posebno je pozdravila op\u0107insko vodstvo i \u010destitala svim gra\u0111anima Dan op\u0107ine.<\/p>\n<p>Predsjedatelj Op\u0107inskog vije\u0107a Goran Batini\u0107 predstavio je rad vije\u0107a i projekte realizirane u proteklom razdoblju, zahvaliv\u0161i vi\u0161im razinama vlasti, kao i Vladi Republike Hrvatske, na pomo\u0107i. Na\u010delnik op\u0107ine Esmin Hajdarevi\u0107 govorio je o rezultatima i planovima op\u0107inske administracije, naglasiv\u0161i da su \u201esnaga op\u0107ine upravo ljudi - svaki pojedinac koji radi, stvara i doprinosi zajednici\u201c.<\/p>\n<p><strong>Posjet \u201eRanchu Novakovi\u0107\u201c<\/strong><\/p>\n<p>U sklopu posjete Gornjem Vakufu-Uskoplju predsjednica Bradara obi\u0161la je i \u201eRanch Novakovi\u0107\u201c, primjer mladog poduzetni\u010dkog pothvata nastalog na ideji mladih povratnika iz Austrije, Pere i Dragana Novakovi\u0107a. Nakon povratka u rodni kraj, Novakovi\u0107i su osnovali obrt i pokrenuli ran\u010d, koji danas broji nekoliko desetaka grla stoke, a planovi uklju\u010duju nove investicije i pro\u0161irenje proizvodnje.<\/p>\n<p>Predsjednica je ovom prilikom izrazila podr\u0161ku mladim poljoprivrednicima, kao i drugim poduzetnim mladim ljudima u ovom kraju, a kako su Pero i Dragan potvrdili jo\u0161 ih je nekoliko poput njih. Pritom je naglasila da Federacija BiH stoji iza projekata poput ovoga, jer oni predstavljaju budu\u0107nost lokalnih zajednica i primjer kako povratak i ulaganje u domovinu mo\u017ee donijeti konkretne rezultate.<\/p>\n<p><img decoding=\"async\" class=\"alignnone size-large wp-image-2956\" src=\"https:\/\/www.predsjednikfbih.gov.ba\/wp-content\/uploads\/2025\/10\/DSC07774-1024x748.jpeg\" alt=\"\" width=\"1024\" height=\"748\" srcset=\"https:\/\/www.predsjednikfbih.gov.ba\/wp-content\/uploads\/2025\/10\/DSC07774-1024x748.jpeg 1024w, https:\/\/www.predsjednikfbih.gov.ba\/wp-content\/uploads\/2025\/10\/DSC07774-300x219.jpeg 300w, https:\/\/www.predsjednikfbih.gov.ba\/wp-content\/uploads\/2025\/10\/DSC07774-768x561.jpeg 768w, https:\/\/www.predsjednikfbih.gov.ba\/wp-content\/uploads\/2025\/10\/DSC07774-1536x1122.jpeg 1536w, https:\/\/www.predsjednikfbih.gov.ba\/wp-content\/uploads\/2025\/10\/DSC07774.jpeg 1920w\" sizes=\"(max-width: 1024px) 100vw, 1024px\" \/> <img decoding=\"async\" class=\"alignnone size-large wp-image-2958\" src=\"https:\/\/www.predsjednikfbih.gov.ba\/wp-content\/uploads\/2025\/10\/DSC07730-683x1024.jpeg\" alt=\"\" width=\"683\" height=\"1024\" srcset=\"https:\/\/www.predsjednikfbih.gov.ba\/wp-content\/uploads\/2025\/10\/DSC07730-683x1024.jpeg 683w, https:\/\/www.predsjednikfbih.gov.ba\/wp-content\/uploads\/2025\/10\/DSC07730-200x300.jpeg 200w, https:\/\/www.predsjednikfbih.gov.ba\/wp-content\/uploads\/2025\/10\/DSC07730-768x1152.jpeg 768w, https:\/\/www.predsjednikfbih.gov.ba\/wp-content\/uploads\/2025\/10\/DSC07730-1024x1536.jpeg 1024w, https:\/\/www.predsjednikfbih.gov.ba\/wp-content\/uploads\/2025\/10\/DSC07730.jpeg 1280w\" sizes=\"(max-width: 683px) 100vw, 683px\" \/> <img decoding=\"async\" class=\"alignnone size-large wp-image-2959\" src=\"https:\/\/www.predsjednikfbih.gov.ba\/wp-content\/uploads\/2025\/10\/DSC07714-1024x683.jpeg\" alt=\"\" width=\"1024\" height=\"683\" srcset=\"https:\/\/www.predsjednikfbih.gov.ba\/wp-content\/uploads\/2025\/10\/DSC07714-1024x683.jpeg 1024w, https:\/\/www.predsjednikfbih.gov.ba\/wp-content\/uploads\/2025\/10\/DSC07714-300x200.jpeg 300w, https:\/\/www.predsjednikfbih.gov.ba\/wp-content\/uploads\/2025\/10\/DSC07714-768x512.jpeg 768w, https:\/\/www.predsjednikfbih.gov.ba\/wp-content\/uploads\/2025\/10\/DSC07714-1536x1024.jpeg 1536w, https:\/\/www.predsjednikfbih.gov.ba\/wp-content\/uploads\/2025\/10\/DSC07714.jpeg 1920w\" sizes=\"(max-width: 1024px) 100vw, 1024px\" \/> <img decoding=\"async\" class=\"alignnone size-large wp-image-2957\" src=\"https:\/\/www.predsjednikfbih.gov.ba\/wp-content\/uploads\/2025\/10\/DSC07737-1024x561.jpeg\" alt=\"\" width=\"1024\" height=\"561\" srcset=\"https:\/\/www.predsjednikfbih.gov.ba\/wp-content\/uploads\/2025\/10\/DSC07737-1024x561.jpeg 1024w, https:\/\/www.predsjednikfbih.gov.ba\/wp-content\/uploads\/2025\/10\/DSC07737-300x164.jpeg 300w, https:\/\/www.predsjednikfbih.gov.ba\/wp-content\/uploads\/2025\/10\/DSC07737-768x420.jpeg 768w, https:\/\/www.predsjednikfbih.gov.ba\/wp-content\/uploads\/2025\/10\/DSC07737-1536x841.jpeg 1536w, https:\/\/www.predsjednikfbih.gov.ba\/wp-content\/uploads\/2025\/10\/DSC07737.jpeg 1920w\" sizes=\"(max-width: 1024px) 100vw, 1024px\" \/> <img decoding=\"async\" class=\"alignnone size-large wp-image-2960\" src=\"https:\/\/www.predsjednikfbih.gov.ba\/wp-content\/uploads\/2025\/10\/DSC07694-1024x676.jpeg\" alt=\"\" width=\"1024\" height=\"676\" srcset=\"https:\/\/www.predsjednikfbih.gov.ba\/wp-content\/uploads\/2025\/10\/DSC07694-1024x676.jpeg 1024w, https:\/\/www.predsjednikfbih.gov.ba\/wp-content\/uploads\/2025\/10\/DSC07694-300x198.jpeg 300w, https:\/\/www.predsjednikfbih.gov.ba\/wp-content\/uploads\/2025\/10\/DSC07694-768x507.jpeg 768w, https:\/\/www.predsjednikfbih.gov.ba\/wp-content\/uploads\/2025\/10\/DSC07694-1536x1014.jpeg 1536w, https:\/\/www.predsjednikfbih.gov.ba\/wp-content\/uploads\/2025\/10\/DSC07694.jpeg 1920w\" sizes=\"(max-width: 1024px) 100vw, 1024px\" \/> <img decoding=\"async\" class=\"alignnone size-large wp-image-2954\" src=\"https:\/\/www.predsjednikfbih.gov.ba\/wp-content\/uploads\/2025\/10\/DSC07819-1024x734.jpeg\" alt=\"\" width=\"1024\" height=\"734\" srcset=\"https:\/\/www.predsjednikfbih.gov.ba\/wp-content\/uploads\/2025\/10\/DSC07819-1024x734.jpeg 1024w, https:\/\/www.predsjednikfbih.gov.ba\/wp-content\/uploads\/2025\/10\/DSC07819-300x215.jpeg 300w, https:\/\/www.predsjednikfbih.gov.ba\/wp-content\/uploads\/2025\/10\/DSC07819-768x551.jpeg 768w, https:\/\/www.predsjednikfbih.gov.ba\/wp-content\/uploads\/2025\/10\/DSC07819-1536x1102.jpeg 1536w, https:\/\/www.predsjednikfbih.gov.ba\/wp-content\/uploads\/2025\/10\/DSC07819.jpeg 1920w\" sizes=\"(max-width: 1024px) 100vw, 1024px\" \/> <img decoding=\"async\" class=\"alignnone size-large wp-image-2953\" src=\"https:\/\/www.predsjednikfbih.gov.ba\/wp-content\/uploads\/2025\/10\/DSC07821-1024x683.jpeg\" alt=\"\" width=\"1024\" height=\"683\" srcset=\"https:\/\/www.predsjednikfbih.gov.ba\/wp-content\/uploads\/2025\/10\/DSC07821-1024x683.jpeg 1024w, https:\/\/www.predsjednikfbih.gov.ba\/wp-content\/uploads\/2025\/10\/DSC07821-300x200.jpeg 300w, https:\/\/www.predsjednikfbih.gov.ba\/wp-content\/uploads\/2025\/10\/DSC07821-768x512.jpeg 768w, https:\/\/www.predsjednikfbih.gov.ba\/wp-content\/uploads\/2025\/10\/DSC07821-1536x1024.jpeg 1536w, https:\/\/www.predsjednikfbih.gov.ba\/wp-content\/uploads\/2025\/10\/DSC07821.jpeg 1920w\" sizes=\"(max-width: 1024px) 100vw, 1024px\" \/> <img decoding=\"async\" class=\"alignnone size-large wp-image-2952\" src=\"https:\/\/www.predsjednikfbih.gov.ba\/wp-content\/uploads\/2025\/10\/DSC07845-683x1024.jpeg\" alt=\"\" width=\"683\" height=\"1024\" srcset=\"https:\/\/www.predsjednikfbih.gov.ba\/wp-content\/uploads\/2025\/10\/DSC07845-683x1024.jpeg 683w, https:\/\/www.predsjednikfbih.gov.ba\/wp-content\/uploads\/2025\/10\/DSC07845-200x300.jpeg 200w, https:\/\/www.predsjednikfbih.gov.ba\/wp-content\/uploads\/2025\/10\/DSC07845-768x1152.jpeg 768w, https:\/\/www.predsjednikfbih.gov.ba\/wp-content\/uploads\/2025\/10\/DSC07845-1024x1536.jpeg 1024w, https:\/\/www.predsjednikfbih.gov.ba\/wp-content\/uploads\/2025\/10\/DSC07845.jpeg 1280w\" sizes=\"(max-width: 683px) 100vw, 683px\" \/> <img decoding=\"async\" class=\"alignnone size-large wp-image-2951\" src=\"https:\/\/www.predsjednikfbih.gov.ba\/wp-content\/uploads\/2025\/10\/DSC07835-683x1024.jpeg\" alt=\"\" width=\"683\" height=\"1024\" srcset=\"https:\/\/www.predsjednikfbih.gov.ba\/wp-content\/uploads\/2025\/10\/DSC07835-683x1024.jpeg 683w, https:\/\/www.predsjednikfbih.gov.ba\/wp-content\/uploads\/2025\/10\/DSC07835-200x300.jpeg 200w, https:\/\/www.predsjednikfbih.gov.ba\/wp-content\/uploads\/2025\/10\/DSC07835-768x1152.jpeg 768w, https:\/\/www.predsjednikfbih.gov.ba\/wp-content\/uploads\/2025\/10\/DSC07835-1024x1536.jpeg 1024w, https:\/\/www.predsjednikfbih.gov.ba\/wp-content\/uploads\/2025\/10\/DSC07835.jpeg 1280w\" sizes=\"(max-width: 683px) 100vw, 683px\" \/><\/p>\n","protected":false},"excerpt":{"rendered":"<p>U dvorani Doma kulture u Gornjem Vakufu-Uskoplju danas je odr\u017eana sve\u010dana sjednica Op\u0107inskog vije\u0107a povodom [&hellip;]<\/p>\n","protected":false},"author":1,"featured_media":2955,"comment_status":"open","ping_status":"open","sticky":false,"template":"","format":"standard","meta":{"inline_featured_image":false,"footnotes":""},"categories":[3,4,7],"tags":[],"class_list":["post-2950","post","type-post","status-publish","format-standard","has-post-thumbnail","hentry","category-novosti","category-objave","category-priopcenja"],"acf":[],"_links":{"self":[{"href":"https:\/\/www.predsjednikfbih.gov.ba\/index.php\/wp-json\/wp\/v2\/posts\/2950","targetHints":{"allow":["GET"]}}],"collection":[{"href":"https:\/\/www.predsjednikfbih.gov.ba\/index.php\/wp-json\/wp\/v2\/posts"}],"about":[{"href":"https:\/\/www.predsjednikfbih.gov.ba\/index.php\/wp-json\/wp\/v2\/types\/post"}],"author":[{"embeddable":true,"href":"https:\/\/www.predsjednikfbih.gov.ba\/index.php\/wp-json\/wp\/v2\/users\/1"}],"replies":[{"embeddable":true,"href":"https:\/\/www.predsjednikfbih.gov.ba\/index.php\/wp-json\/wp\/v2\/comments?post=2950"}],"version-history":[{"count":4,"href":"https:\/\/www.predsjednikfbih.gov.ba\/index.php\/wp-json\/wp\/v2\/posts\/2950\/revisions"}],"predecessor-version":[{"id":2964,"href":"https:\/\/www.predsjednikfbih.gov.ba\/index.php\/wp-json\/wp\/v2\/posts\/2950\/revisions\/2964"}],"wp:featuredmedia":[{"embeddable":true,"href":"https:\/\/www.predsjednikfbih.gov.ba\/index.php\/wp-json\/wp\/v2\/media\/2955"}],"wp:attachment":[{"href":"https:\/\/www.predsjednikfbih.gov.ba\/index.php\/wp-json\/wp\/v2\/media?parent=2950"}],"wp:term":[{"taxonomy":"category","embeddable":true,"href":"https:\/\/www.predsjednikfbih.gov.ba\/index.php\/wp-json\/wp\/v2\/categories?post=2950"},{"taxonomy":"post_tag","embeddable":true,"href":"https:\/\/www.predsjednikfbih.gov.ba\/index.php\/wp-json\/wp\/v2\/tags?post=2950"}],"curies":[{"name":"wp","href":"https:\/\/api.w.org\/{rel}","templated":true}]}}