{"id":2943,"date":"2025-09-30T12:24:46","date_gmt":"2025-09-30T12:24:46","guid":{"rendered":"https:\/\/www.predsjednikfbih.gov.ba\/?p=2943"},"modified":"2025-09-30T12:24:46","modified_gmt":"2025-09-30T12:24:46","slug":"bradara-s-predstavnicima-udruga-oboljelih-od-celijakije-potrebna-su-sustavna-rjesenja-i-veca-drustvena-svijest","status":"publish","type":"post","link":"https:\/\/www.predsjednikfbih.gov.ba\/index.php\/2025\/09\/30\/bradara-s-predstavnicima-udruga-oboljelih-od-celijakije-potrebna-su-sustavna-rjesenja-i-veca-drustvena-svijest\/","title":{"rendered":"Bradara s predstavnicima udruga oboljelih od celijakije: Potrebna su sustavna rje\u0161enja i ve\u0107a dru\u0161tvena svijest"},"content":{"rendered":"<h4>Predsjednica Federacije BiH Lidija Bradara odr\u017eala je radni sastanak s predstavnicima udruga oboljelih od celijakije, na kojem su sudjelovali i federalni ministar poljoprivrede, vodoprivrede i \u0161umarstva Kemal Hrnji\u0107, pomo\u0107nik ministra zdravstva FBiH Goran \u010cerkez te ravnateljica Zavoda za javno zdravstvo FBiH Vlatka Martinovi\u0107.<\/h4>\n<p>U ime udruga oboljelih od celijakije sudjelovali su predstavnici iz Sarajeva, Mostara i Sredi\u0161nje Bosne \u2013 iz Udru\u017eenja oboljelih od celijakije Kantona Sarajevo \u201eNo gluten\u201c predsjednik Vladimir \u017dur\u017eulovi\u0107, potpredsjednica Amra Halilovi\u0107 i \u010dlanica UO Muhiba Adanali\u0107, zatim iz Udruge oboljelih od celijakije HN\u017d \u201eGluten free\u201c predsjednica Snje\u017eana Ani\u0107, potpredsjednica Marija Ra\u0161i\u0107 i predsjednik Skup\u0161tine Ivica Ani\u0107, te iz Udruge oboljelih od celijakije KSB\/SBK zamjenik Matija Katava i predsjednica Skup\u0161tine Kristina Trogrli\u0107.<\/p>\n<p><img decoding=\"async\" class=\"alignnone size-large wp-image-2945\" src=\"https:\/\/www.predsjednikfbih.gov.ba\/wp-content\/uploads\/2025\/09\/Bradara-s-predstavnicima-udruga-oboljelih-od-celijakije2-1024x683.jpg\" alt=\"\" width=\"1024\" height=\"683\" srcset=\"https:\/\/www.predsjednikfbih.gov.ba\/wp-content\/uploads\/2025\/09\/Bradara-s-predstavnicima-udruga-oboljelih-od-celijakije2-1024x683.jpg 1024w, https:\/\/www.predsjednikfbih.gov.ba\/wp-content\/uploads\/2025\/09\/Bradara-s-predstavnicima-udruga-oboljelih-od-celijakije2-300x200.jpg 300w, https:\/\/www.predsjednikfbih.gov.ba\/wp-content\/uploads\/2025\/09\/Bradara-s-predstavnicima-udruga-oboljelih-od-celijakije2-768x512.jpg 768w, https:\/\/www.predsjednikfbih.gov.ba\/wp-content\/uploads\/2025\/09\/Bradara-s-predstavnicima-udruga-oboljelih-od-celijakije2-1536x1024.jpg 1536w, https:\/\/www.predsjednikfbih.gov.ba\/wp-content\/uploads\/2025\/09\/Bradara-s-predstavnicima-udruga-oboljelih-od-celijakije2.jpg 1920w\" sizes=\"(max-width: 1024px) 100vw, 1024px\" \/><\/p>\n<p>Predsjednica Bradara otvorila je sastanak naglasiv\u0161i kako je rije\u010d o temi koja postaje sve prisutnija u dru\u0161tvu. \u201eCelijakija je bolest koja mijenja \u017eivote oboljelih i njihovih obitelji. Svjesna sam da se oni svakodnevno suo\u010davaju s nizom problema od prehrane, preko pristupa zdravstvenim uslugama, do nedostatka sustavne potpore. Na institucijama je da u suradnji s udrugama poku\u0161amo prona\u0107i rje\u0161enja koja \u0107e olak\u0161ati njihovu svakodnevicu\u201c, kazala je Bradara, zahvaliv\u0161i udrugama na dosada\u0161njem radu i zalaganju.<\/p>\n<p>Predstavnici udruga oboljelih od celijakije istaknuli su kako se njihovi \u010dlanovi susre\u0107u s nizom problema, po\u010dev\u0161i od trenutka kada se postavi dijagnoza. \u201eNa\u0161 lijek je hrana, a upravo je pristup adekvatnoj prehrani naj\u010de\u0161\u0107e ote\u017ean\u201c, naglasili su, dodav\u0161i da nedostatak razumijevanja postoji \u010dak i u najbli\u017eem okru\u017eenju. Upravo zbog toga udruge velik dio svoga djelovanja usmjeravaju na edukaciju i podizanje svijesti \u2013 kroz radionice, instrukcije i upute za oboljele i njihove obitelji. Posebno je istaknuta potreba zakonske podr\u0161ke u pogledu testiranja proizvoda na gluten, kao i osiguravanja jasnih i vjerodostojnih deklaracija. U tom kontekstu razvijena je i aktivna online zajednica \u2013 viber grupa koja pru\u017ea 24-satnu podr\u0161ku pacijentima, osobito onima koji se prvi put susre\u0107u s bole\u0161\u0107u. Kao va\u017ean primjer djelovanja udruga naveden je rad na senzibiliziranju vrti\u0107a, bolnica i produ\u017eenih boravaka za potrebe oboljelih. Zahvaljuju\u0107i tim inicijativama, cijena vrti\u0107a za djecu oboljelu od celijakije u Mostaru smanjena je za 30 posto, kako bi se barem djelomi\u010dno nadoknadili tro\u0161kovi bezglutenske prehrane. \u201eVa\u017eno je razumjeti da se u slu\u010daju celijakije zapravo radi o invaliditetu\u201c, poru\u010dili su predstavnici udruga, naglasiv\u0161i da u Hrvatskoj roditelji imaju pravo na punu pla\u0107u do osme godine djeteta, a kasnije na pola pla\u0107e, dok u BiH roditelji nerijetko ostaju bez posla kako bi se brinuli za djecu. Kao jedno od mogu\u0107ih rje\u0161enja istaknuta je ideja uspostave posebnih \u201ealternativnih kuhinja\u201c \u2013 prostora potpuno sterilnih od glutena, u kojima bi pacijenti mogli dobiti siguran obrok.<\/p>\n<p>Osim toga, nagla\u0161ena je potreba da se celijakiji prizna status kroni\u010dne bolesti, \u0161to bi otvorilo mogu\u0107nost zakonski zajam\u010denih prava, uklju\u010duju\u0107i subvencioniranje hrane, bra\u0161na i drugih osnovnih namirnica. Predstavnici udruga upozorili su i na problem nedovoljne educiranosti medicinskog i nemedicinskog osoblja. \u201eU bolnicama \u010desto ne znaju osigurati bezglutenski obrok, iako je rije\u010d o malom broju pacijenata, oni imaju pravo na adekvatnu prehranu\u201c, istaknuto je. Na koncu je nagla\u0161ena i va\u017enost ranog otkrivanja bolesti. Zabrinjava podatak da se celijakija kod \u010dak 80 posto oboljelih nikada ne dijagnosticira, a kada se dijagnoza i postavi, organizam je \u010desto ve\u0107 ozbiljno naru\u0161en. \u201eZbog toga je screening, odnosno sustavno testiranje, iznimno va\u017eno i mo\u017ee sprije\u010diti razvoj niza te\u0161kih, sistemskih oboljenja\u201c, zaklju\u010dili su predstavnici udruga.<\/p>\n<p>Ministar Hrnji\u0107 zahvalio je na inicijativi i kazao kako je va\u017eno da se o ovoj temi razgovara i na institucionalnoj razini. \u201eProizvodnja bezglutenske hrane je zahtjevna i skupa, no va\u017eno je da zapo\u010dinjemo razgovore i kreiramo okvire. Uskla\u0111ivanje sa standardima EU je neminovno i na tom putu moramo zakonski urediti ovu oblast, barem u smislu deklariranja proizvoda i standardizacije proizvodnje\u201c, istaknuo je Hrnji\u0107.<\/p>\n<p><img decoding=\"async\" class=\"alignnone size-large wp-image-2947\" src=\"https:\/\/www.predsjednikfbih.gov.ba\/wp-content\/uploads\/2025\/09\/Bradara-s-predstavnicima-udruga-oboljelih-od-celijakije4-1024x683.jpg\" alt=\"\" width=\"1024\" height=\"683\" srcset=\"https:\/\/www.predsjednikfbih.gov.ba\/wp-content\/uploads\/2025\/09\/Bradara-s-predstavnicima-udruga-oboljelih-od-celijakije4-1024x683.jpg 1024w, https:\/\/www.predsjednikfbih.gov.ba\/wp-content\/uploads\/2025\/09\/Bradara-s-predstavnicima-udruga-oboljelih-od-celijakije4-300x200.jpg 300w, https:\/\/www.predsjednikfbih.gov.ba\/wp-content\/uploads\/2025\/09\/Bradara-s-predstavnicima-udruga-oboljelih-od-celijakije4-768x512.jpg 768w, https:\/\/www.predsjednikfbih.gov.ba\/wp-content\/uploads\/2025\/09\/Bradara-s-predstavnicima-udruga-oboljelih-od-celijakije4-1536x1024.jpg 1536w, https:\/\/www.predsjednikfbih.gov.ba\/wp-content\/uploads\/2025\/09\/Bradara-s-predstavnicima-udruga-oboljelih-od-celijakije4.jpg 1920w\" sizes=\"(max-width: 1024px) 100vw, 1024px\" \/><\/p>\n<p>Ravnateljica Zavoda za javno zdravstvo Vlatka Martinovi\u0107 naglasila je kako je problem prepoznat, iako celijakija jo\u0161 uvijek nije slu\u017ebeno uvr\u0161tena na listu kroni\u010dnih bolesti. \u201eMogu\u0107e je koordinirati aktivnosti s kantonalnim zavodima i pokrenuti inicijativu za uvr\u0161tavanje celijakije na listu, vjerujem da \u0107e za to postojati sluha\u201c, kazala je Martinovi\u0107.<\/p>\n<p>Pomo\u0107nik ministra zdravstva FBiH Goran \u010cerkez podsjetio je da Ministarstvo ve\u0107 provodi niz projekata usmjerenih na prevenciju i edukaciju. \u201eOno \u0161to mo\u017eemo odmah rje\u0161avati jesu pitanja edukacije medicinskog osoblja, kao i jasnije deklaracije proizvoda. Dio inicijativa se mo\u017ee uklopiti u projekte poput \u2018Zdravo jedi, zdravo rasti\u2019 u vrti\u0107ima ili programe Zdravih zajednica. Od vas o\u010dekujemo konkretne prijedloge prioriteta, a mi \u0107emo osigurati interresorni pristup i kreirati zajedni\u010dke inicijative\u201c, poru\u010dio je \u010cerkez.<\/p>\n<p>Sastanak je zaklju\u010den dogovorom o nastavku suradnje i ponovnom susretu u skorije vrijeme, uz poziv predsjednice Bradare na bezglutenski domjenak koji je uprili\u010den nakon sastanka.<\/p>\n<p>\u201eOvo je tek po\u010detak, ali va\u017eno je da smo otvorili prostor za dijalog i da zajedno tra\u017eimo rje\u0161enja\u201c, zaklju\u010dila je Bradara.<\/p>\n<p><img decoding=\"async\" class=\"alignnone size-large wp-image-2946\" src=\"https:\/\/www.predsjednikfbih.gov.ba\/wp-content\/uploads\/2025\/09\/Bradara-s-predstavnicima-udruga-oboljelih-od-celijakije3-1024x683.jpg\" alt=\"\" width=\"1024\" height=\"683\" srcset=\"https:\/\/www.predsjednikfbih.gov.ba\/wp-content\/uploads\/2025\/09\/Bradara-s-predstavnicima-udruga-oboljelih-od-celijakije3-1024x683.jpg 1024w, https:\/\/www.predsjednikfbih.gov.ba\/wp-content\/uploads\/2025\/09\/Bradara-s-predstavnicima-udruga-oboljelih-od-celijakije3-300x200.jpg 300w, https:\/\/www.predsjednikfbih.gov.ba\/wp-content\/uploads\/2025\/09\/Bradara-s-predstavnicima-udruga-oboljelih-od-celijakije3-768x512.jpg 768w, https:\/\/www.predsjednikfbih.gov.ba\/wp-content\/uploads\/2025\/09\/Bradara-s-predstavnicima-udruga-oboljelih-od-celijakije3-1536x1024.jpg 1536w, https:\/\/www.predsjednikfbih.gov.ba\/wp-content\/uploads\/2025\/09\/Bradara-s-predstavnicima-udruga-oboljelih-od-celijakije3.jpg 1920w\" sizes=\"(max-width: 1024px) 100vw, 1024px\" \/> \u00a0<img decoding=\"async\" class=\"alignnone size-large wp-image-2948\" src=\"https:\/\/www.predsjednikfbih.gov.ba\/wp-content\/uploads\/2025\/09\/Bradara-s-predstavnicima-udruga-oboljelih-od-celijakije5-1024x683.jpg\" alt=\"\" width=\"1024\" height=\"683\" srcset=\"https:\/\/www.predsjednikfbih.gov.ba\/wp-content\/uploads\/2025\/09\/Bradara-s-predstavnicima-udruga-oboljelih-od-celijakije5-1024x683.jpg 1024w, https:\/\/www.predsjednikfbih.gov.ba\/wp-content\/uploads\/2025\/09\/Bradara-s-predstavnicima-udruga-oboljelih-od-celijakije5-300x200.jpg 300w, https:\/\/www.predsjednikfbih.gov.ba\/wp-content\/uploads\/2025\/09\/Bradara-s-predstavnicima-udruga-oboljelih-od-celijakije5-768x512.jpg 768w, https:\/\/www.predsjednikfbih.gov.ba\/wp-content\/uploads\/2025\/09\/Bradara-s-predstavnicima-udruga-oboljelih-od-celijakije5-1536x1024.jpg 1536w, https:\/\/www.predsjednikfbih.gov.ba\/wp-content\/uploads\/2025\/09\/Bradara-s-predstavnicima-udruga-oboljelih-od-celijakije5.jpg 1920w\" sizes=\"(max-width: 1024px) 100vw, 1024px\" \/><\/p>\n","protected":false},"excerpt":{"rendered":"<p>Predsjednica Federacije BiH Lidija Bradara odr\u017eala je radni sastanak s predstavnicima udruga oboljelih od celijakije, [&hellip;]<\/p>\n","protected":false},"author":1,"featured_media":2948,"comment_status":"open","ping_status":"open","sticky":false,"template":"","format":"standard","meta":{"inline_featured_image":false,"footnotes":""},"categories":[3,4,7],"tags":[],"class_list":["post-2943","post","type-post","status-publish","format-standard","has-post-thumbnail","hentry","category-novosti","category-objave","category-priopcenja"],"acf":[],"_links":{"self":[{"href":"https:\/\/www.predsjednikfbih.gov.ba\/index.php\/wp-json\/wp\/v2\/posts\/2943","targetHints":{"allow":["GET"]}}],"collection":[{"href":"https:\/\/www.predsjednikfbih.gov.ba\/index.php\/wp-json\/wp\/v2\/posts"}],"about":[{"href":"https:\/\/www.predsjednikfbih.gov.ba\/index.php\/wp-json\/wp\/v2\/types\/post"}],"author":[{"embeddable":true,"href":"https:\/\/www.predsjednikfbih.gov.ba\/index.php\/wp-json\/wp\/v2\/users\/1"}],"replies":[{"embeddable":true,"href":"https:\/\/www.predsjednikfbih.gov.ba\/index.php\/wp-json\/wp\/v2\/comments?post=2943"}],"version-history":[{"count":1,"href":"https:\/\/www.predsjednikfbih.gov.ba\/index.php\/wp-json\/wp\/v2\/posts\/2943\/revisions"}],"predecessor-version":[{"id":2949,"href":"https:\/\/www.predsjednikfbih.gov.ba\/index.php\/wp-json\/wp\/v2\/posts\/2943\/revisions\/2949"}],"wp:featuredmedia":[{"embeddable":true,"href":"https:\/\/www.predsjednikfbih.gov.ba\/index.php\/wp-json\/wp\/v2\/media\/2948"}],"wp:attachment":[{"href":"https:\/\/www.predsjednikfbih.gov.ba\/index.php\/wp-json\/wp\/v2\/media?parent=2943"}],"wp:term":[{"taxonomy":"category","embeddable":true,"href":"https:\/\/www.predsjednikfbih.gov.ba\/index.php\/wp-json\/wp\/v2\/categories?post=2943"},{"taxonomy":"post_tag","embeddable":true,"href":"https:\/\/www.predsjednikfbih.gov.ba\/index.php\/wp-json\/wp\/v2\/tags?post=2943"}],"curies":[{"name":"wp","href":"https:\/\/api.w.org\/{rel}","templated":true}]}}