{"id":2933,"date":"2025-09-29T10:52:45","date_gmt":"2025-09-29T10:52:45","guid":{"rendered":"https:\/\/www.predsjednikfbih.gov.ba\/?p=2933"},"modified":"2025-09-29T11:07:46","modified_gmt":"2025-09-29T11:07:46","slug":"u-ovcarevu-svecano-obiljezen-blagdan-sv-mihovila-zastitnika-policije-i-vojske","status":"publish","type":"post","link":"https:\/\/www.predsjednikfbih.gov.ba\/index.php\/2025\/09\/29\/u-ovcarevu-svecano-obiljezen-blagdan-sv-mihovila-zastitnika-policije-i-vojske\/","title":{"rendered":"U Ov\u010darevu sve\u010dano obilje\u017een blagdan sv. Mihovila - za\u0161titnik policije"},"content":{"rendered":"<h3>U \u017eupi sv. Mihovila Arkan\u0111ela u Ov\u010darevu, nedaleko od Travnika, sve\u010dano je obilje\u017een blagdan sv. Mihovila, za\u0161titnika policije. Proslava je okupila velik broj vjernika, du\u017enosnika i pripadnika policije, a me\u0111u nazo\u010dnima bila je i predsjednica Federacije BiH Lidija Bradara, kao i ministar unutarnjih poslova \u017dSB Feliks Vidovi\u0107.<\/h3>\n<p>Sve\u010dano misno slavlje, koje je ujedno i patron \u017eupe, predvodio je dr. fra Danimir Pezer, profesor liturgike na Franjeva\u010dkoj teologiji u Sarajevu, uz koncelebraciju petnaestak sve\u0107enika. U prepunoj crkvi sv. Mihovila okupilo se nekoliko stotina vjernika, me\u0111u kojima su posebno bili istaknuti policajci iz Ministarstva unutarnjih poslova \u017dupanije Sredi\u0161nja Bosna.<\/p>\n<p>U svojoj propovijedi fra Danimir je naglasio kako povijest nije u rukama zemaljskih mo\u0107nika, ve\u0107 u Bo\u017ejim rukama koje \u0161tite arkan\u0111eli. Podsjetio je da se borba protiv zla ne vodi samo u povijesti ili u svjetskim doga\u0111ajima, nego i u svakome od nas - u savjesti, mislima i svakodnevnim odnosima. \u201eNajva\u017enije je u\u010diti biti dobar \u010dovjek, jer upravo u tome le\u017ei pobjeda nad zlom i svaka istinska sloboda\u201c, poru\u010dio je fra Danimir.<\/p>\n<p>Misno slavlje uveli\u010dao je \u017eupni zbor, a proslava je nastavljena dru\u017eenjem uz zajedni\u010dku trpezu, u duhu radosti i zahvalnosti.<\/p>\n<p><img decoding=\"async\" class=\"alignnone size-large wp-image-2934\" src=\"https:\/\/www.predsjednikfbih.gov.ba\/wp-content\/uploads\/2025\/09\/IMG_9173-1024x768.jpeg\" alt=\"\" width=\"1024\" height=\"768\" srcset=\"https:\/\/www.predsjednikfbih.gov.ba\/wp-content\/uploads\/2025\/09\/IMG_9173-1024x768.jpeg 1024w, https:\/\/www.predsjednikfbih.gov.ba\/wp-content\/uploads\/2025\/09\/IMG_9173-300x225.jpeg 300w, https:\/\/www.predsjednikfbih.gov.ba\/wp-content\/uploads\/2025\/09\/IMG_9173-768x576.jpeg 768w, https:\/\/www.predsjednikfbih.gov.ba\/wp-content\/uploads\/2025\/09\/IMG_9173-1536x1152.jpeg 1536w, https:\/\/www.predsjednikfbih.gov.ba\/wp-content\/uploads\/2025\/09\/IMG_9173.jpeg 1920w\" sizes=\"(max-width: 1024px) 100vw, 1024px\" \/> <img decoding=\"async\" class=\"alignnone size-large wp-image-2935\" src=\"https:\/\/www.predsjednikfbih.gov.ba\/wp-content\/uploads\/2025\/09\/DSC07629-1024x683.jpeg\" alt=\"\" width=\"1024\" height=\"683\" srcset=\"https:\/\/www.predsjednikfbih.gov.ba\/wp-content\/uploads\/2025\/09\/DSC07629-1024x683.jpeg 1024w, https:\/\/www.predsjednikfbih.gov.ba\/wp-content\/uploads\/2025\/09\/DSC07629-300x200.jpeg 300w, https:\/\/www.predsjednikfbih.gov.ba\/wp-content\/uploads\/2025\/09\/DSC07629-768x512.jpeg 768w, https:\/\/www.predsjednikfbih.gov.ba\/wp-content\/uploads\/2025\/09\/DSC07629-1536x1024.jpeg 1536w, https:\/\/www.predsjednikfbih.gov.ba\/wp-content\/uploads\/2025\/09\/DSC07629.jpeg 1920w\" sizes=\"(max-width: 1024px) 100vw, 1024px\" \/> <img decoding=\"async\" class=\"alignnone size-large wp-image-2936\" src=\"https:\/\/www.predsjednikfbih.gov.ba\/wp-content\/uploads\/2025\/09\/DSC07577-1024x683.jpeg\" alt=\"\" width=\"1024\" height=\"683\" srcset=\"https:\/\/www.predsjednikfbih.gov.ba\/wp-content\/uploads\/2025\/09\/DSC07577-1024x683.jpeg 1024w, https:\/\/www.predsjednikfbih.gov.ba\/wp-content\/uploads\/2025\/09\/DSC07577-300x200.jpeg 300w, https:\/\/www.predsjednikfbih.gov.ba\/wp-content\/uploads\/2025\/09\/DSC07577-768x512.jpeg 768w, https:\/\/www.predsjednikfbih.gov.ba\/wp-content\/uploads\/2025\/09\/DSC07577-1536x1024.jpeg 1536w, https:\/\/www.predsjednikfbih.gov.ba\/wp-content\/uploads\/2025\/09\/DSC07577.jpeg 1920w\" sizes=\"(max-width: 1024px) 100vw, 1024px\" \/> <img decoding=\"async\" class=\"alignnone size-large wp-image-2938\" src=\"https:\/\/www.predsjednikfbih.gov.ba\/wp-content\/uploads\/2025\/09\/DSC07620-1024x683.jpeg\" alt=\"\" width=\"1024\" height=\"683\" srcset=\"https:\/\/www.predsjednikfbih.gov.ba\/wp-content\/uploads\/2025\/09\/DSC07620-1024x683.jpeg 1024w, https:\/\/www.predsjednikfbih.gov.ba\/wp-content\/uploads\/2025\/09\/DSC07620-300x200.jpeg 300w, https:\/\/www.predsjednikfbih.gov.ba\/wp-content\/uploads\/2025\/09\/DSC07620-768x512.jpeg 768w, https:\/\/www.predsjednikfbih.gov.ba\/wp-content\/uploads\/2025\/09\/DSC07620-1536x1024.jpeg 1536w, https:\/\/www.predsjednikfbih.gov.ba\/wp-content\/uploads\/2025\/09\/DSC07620.jpeg 1920w\" sizes=\"(max-width: 1024px) 100vw, 1024px\" \/> <img decoding=\"async\" class=\"alignnone size-large wp-image-2937\" src=\"https:\/\/www.predsjednikfbih.gov.ba\/wp-content\/uploads\/2025\/09\/DSC07613-683x1024.jpeg\" alt=\"\" width=\"683\" height=\"1024\" srcset=\"https:\/\/www.predsjednikfbih.gov.ba\/wp-content\/uploads\/2025\/09\/DSC07613-683x1024.jpeg 683w, https:\/\/www.predsjednikfbih.gov.ba\/wp-content\/uploads\/2025\/09\/DSC07613-200x300.jpeg 200w, https:\/\/www.predsjednikfbih.gov.ba\/wp-content\/uploads\/2025\/09\/DSC07613-768x1152.jpeg 768w, https:\/\/www.predsjednikfbih.gov.ba\/wp-content\/uploads\/2025\/09\/DSC07613-1024x1536.jpeg 1024w, https:\/\/www.predsjednikfbih.gov.ba\/wp-content\/uploads\/2025\/09\/DSC07613.jpeg 1280w\" sizes=\"(max-width: 683px) 100vw, 683px\" \/> <img decoding=\"async\" class=\"alignnone size-large wp-image-2939\" src=\"https:\/\/www.predsjednikfbih.gov.ba\/wp-content\/uploads\/2025\/09\/DSC07616-1024x683.jpeg\" alt=\"\" width=\"1024\" height=\"683\" srcset=\"https:\/\/www.predsjednikfbih.gov.ba\/wp-content\/uploads\/2025\/09\/DSC07616-1024x683.jpeg 1024w, https:\/\/www.predsjednikfbih.gov.ba\/wp-content\/uploads\/2025\/09\/DSC07616-300x200.jpeg 300w, https:\/\/www.predsjednikfbih.gov.ba\/wp-content\/uploads\/2025\/09\/DSC07616-768x512.jpeg 768w, https:\/\/www.predsjednikfbih.gov.ba\/wp-content\/uploads\/2025\/09\/DSC07616-1536x1024.jpeg 1536w, https:\/\/www.predsjednikfbih.gov.ba\/wp-content\/uploads\/2025\/09\/DSC07616.jpeg 1920w\" sizes=\"(max-width: 1024px) 100vw, 1024px\" \/><\/p>\n","protected":false},"excerpt":{"rendered":"<p>U \u017eupi sv. Mihovila Arkan\u0111ela u Ov\u010darevu, nedaleko od Travnika, sve\u010dano je obilje\u017een blagdan sv. [&hellip;]<\/p>\n","protected":false},"author":1,"featured_media":2935,"comment_status":"open","ping_status":"open","sticky":false,"template":"","format":"standard","meta":{"inline_featured_image":false,"footnotes":""},"categories":[3,4,7],"tags":[],"class_list":["post-2933","post","type-post","status-publish","format-standard","has-post-thumbnail","hentry","category-novosti","category-objave","category-priopcenja"],"acf":[],"_links":{"self":[{"href":"https:\/\/www.predsjednikfbih.gov.ba\/index.php\/wp-json\/wp\/v2\/posts\/2933","targetHints":{"allow":["GET"]}}],"collection":[{"href":"https:\/\/www.predsjednikfbih.gov.ba\/index.php\/wp-json\/wp\/v2\/posts"}],"about":[{"href":"https:\/\/www.predsjednikfbih.gov.ba\/index.php\/wp-json\/wp\/v2\/types\/post"}],"author":[{"embeddable":true,"href":"https:\/\/www.predsjednikfbih.gov.ba\/index.php\/wp-json\/wp\/v2\/users\/1"}],"replies":[{"embeddable":true,"href":"https:\/\/www.predsjednikfbih.gov.ba\/index.php\/wp-json\/wp\/v2\/comments?post=2933"}],"version-history":[{"count":2,"href":"https:\/\/www.predsjednikfbih.gov.ba\/index.php\/wp-json\/wp\/v2\/posts\/2933\/revisions"}],"predecessor-version":[{"id":2941,"href":"https:\/\/www.predsjednikfbih.gov.ba\/index.php\/wp-json\/wp\/v2\/posts\/2933\/revisions\/2941"}],"wp:featuredmedia":[{"embeddable":true,"href":"https:\/\/www.predsjednikfbih.gov.ba\/index.php\/wp-json\/wp\/v2\/media\/2935"}],"wp:attachment":[{"href":"https:\/\/www.predsjednikfbih.gov.ba\/index.php\/wp-json\/wp\/v2\/media?parent=2933"}],"wp:term":[{"taxonomy":"category","embeddable":true,"href":"https:\/\/www.predsjednikfbih.gov.ba\/index.php\/wp-json\/wp\/v2\/categories?post=2933"},{"taxonomy":"post_tag","embeddable":true,"href":"https:\/\/www.predsjednikfbih.gov.ba\/index.php\/wp-json\/wp\/v2\/tags?post=2933"}],"curies":[{"name":"wp","href":"https:\/\/api.w.org\/{rel}","templated":true}]}}