{"id":2924,"date":"2025-09-27T16:21:21","date_gmt":"2025-09-27T16:21:21","guid":{"rendered":"https:\/\/www.predsjednikfbih.gov.ba\/?p=2924"},"modified":"2025-09-27T16:21:21","modified_gmt":"2025-09-27T16:21:21","slug":"zagreb-bolnica-s-pecatom-predstavljena-u-sjedistu-najstarije-hrvatske-kulturne-institucije-matici-hrvatskoj","status":"publish","type":"post","link":"https:\/\/www.predsjednikfbih.gov.ba\/index.php\/2025\/09\/27\/zagreb-bolnica-s-pecatom-predstavljena-u-sjedistu-najstarije-hrvatske-kulturne-institucije-matici-hrvatskoj\/","title":{"rendered":"ZAGREB: Bolnica s pe\u010datom predstavljena u sjedi\u0161tu najstarije hrvatske kulturne institucije - Matici hrvatskoj"},"content":{"rendered":"<h3>U prostoru sredi\u0161njice Matice hrvatske u Zagrebu sino\u0107 je sve\u010dano odr\u017eana promocija monografije Bolnica s pe\u010datom - Franjeva\u010dka bolnica \u201cDr. fra Mato Nikoli\u0107\u201d Nova Bila, autora Velimira Bugarina i urednika fra Zorana Livan\u010di\u0107a. Ovaj doga\u0111aj organiziran je u suradnji Matice hrvatske s ogrankom u Vitezu, nakon \u0161to je monografija prethodno predstavljena i u drugim sredinama (Vitezu, Mostaru, Kre\u0161evu i Tomislavgradu) te je jo\u0161 jednom naglasio bliskost hrvatskoga naroda s obje strane granice. Promocija u Zagrebu bila je prilika da se \u0161ira javnost upozna s ovim vrijednim povijesnim svjedo\u010danstvom koje podsje\u0107a na snagu zajedni\u0161tva i solidarnosti u najte\u017eim vremenima.<\/h3>\n<p>Svojim dolaskom va\u017enost ovog doga\u0111aja uveli\u010dali su brojni uglednici i predstavnici vlasti. Me\u0111u nazo\u010dnima bili su, izme\u0111u ostalih Lidija Bradara, predsjednica Federacije BiH, \u017dana \u0106ori\u0107, savjetnica s posebnim polo\u017eajem za pitanja Hrvata u BiH, koja je na promociji predstavljala predsjednika Vlade RH Andreja Plenkovi\u0107a te dr\u017eavnog tajnika Zvonka Milasa te Karlo Ressler, zastupnik u Europskom parlamentu. Na promociji je bila i Zdravka Bu\u0161i\u0107 predsjednika saborskog povjerenstva za Hrvate izvan RH, u doba Domovinskog rata predstojnica ureda predsjednika Tu\u0111mana.<br \/>\nOd doma\u0107ina i organizatora prisustvovali su dr. sc. Damir Zori\u0107, predsjednik Matice hrvatske, ujedno i doma\u0107in ve\u010deri, Ivica Nui\u0107, glavni tajnik Matice, kao i predstavnici Matice hrvatske iz Viteza, Jakov Kri\u017eanovi\u0107 i \u017deljko Kocaj, u \u010dijem je izdava\u0161tvu ova monografija i objavljena.<\/p>\n<p>Program promocije moderirala je Irena Mrnjavac, a uz autora i urednika o knjizi su govorili i svjedoci opisanih zbivanja: prof. dr. Snje\u017eana \u0160u\u0161njara (Filozofski fakultet u Sarajevu), dr. Vlado Tabak (ratni kirurg Franjeva\u010dke bolnice Nova Bila) te Anto Damjanovi\u0107 (jedan od organizatora konvoja \u201cBijeli put\u201d).<\/p>\n<p>Monografija Bolnica s pe\u010datom posve\u0107ena je jedinstvenoj ratnoj bolnici koju su franjevci i lije\u010dnici osnovali u crkvi u Novoj Biloj u sredi\u0161njoj Bosni. Ova improvizirana \u201ccrkva-bolnica\u201d tijekom rata postala je simbol humanosti, \u017ertve i spasenja \u2013 jedino uto\u010di\u0161te za lije\u010denje ranjenika i bolesnika na tom podru\u010dju. Bila je to ujedno i jedina medicinska ustanova za vi\u0161e od 80.000 Hrvata La\u0161vanske doline (uklju\u010duju\u0107i oko 12.500 djece) u to vrijeme opsades. Unato\u010d nemogu\u0107im ratnim uvjetima, u bolnici i vezanim improviziranim odjelima ro\u0111eno je vi\u0161e od 650 djece, \u0161to je donosilo tra\u010dak radosti i nade usred ratnih razaranja. U istoj su bolnici spa\u0161eni i tisu\u0107e \u017eivota ranjenika i pacijenata, jer je unato\u010d granatiranjima i oskudici medicinske opreme ljudskost nadja\u010dala razaranja.<\/p>\n<p>\u201eZahvaljuju\u0107i \u010dvrstoj vjeri, nesebi\u010dnom trudu franjevaca i medicinskog osoblja te podr\u0161ci cijele zajednice, bolnica u Novoj Biloj postala je svjetionik nade i opstanka za hrvatski narod sredi\u0161nje Bosne\u201c, istaknuto je.<\/p>\n<p><img decoding=\"async\" class=\"alignnone size-large wp-image-2925\" src=\"https:\/\/www.predsjednikfbih.gov.ba\/wp-content\/uploads\/2025\/09\/6cd4978b-2575-4c81-b0a3-d4a2e69d3025-1024x683.jpeg\" alt=\"\" width=\"1024\" height=\"683\" srcset=\"https:\/\/www.predsjednikfbih.gov.ba\/wp-content\/uploads\/2025\/09\/6cd4978b-2575-4c81-b0a3-d4a2e69d3025-1024x683.jpeg 1024w, https:\/\/www.predsjednikfbih.gov.ba\/wp-content\/uploads\/2025\/09\/6cd4978b-2575-4c81-b0a3-d4a2e69d3025-300x200.jpeg 300w, https:\/\/www.predsjednikfbih.gov.ba\/wp-content\/uploads\/2025\/09\/6cd4978b-2575-4c81-b0a3-d4a2e69d3025-768x512.jpeg 768w, https:\/\/www.predsjednikfbih.gov.ba\/wp-content\/uploads\/2025\/09\/6cd4978b-2575-4c81-b0a3-d4a2e69d3025-1536x1024.jpeg 1536w, https:\/\/www.predsjednikfbih.gov.ba\/wp-content\/uploads\/2025\/09\/6cd4978b-2575-4c81-b0a3-d4a2e69d3025.jpeg 1920w\" sizes=\"(max-width: 1024px) 100vw, 1024px\" \/> <img decoding=\"async\" class=\"alignnone size-large wp-image-2926\" src=\"https:\/\/www.predsjednikfbih.gov.ba\/wp-content\/uploads\/2025\/09\/431b36a7-3278-4d62-8ba3-30ea48ad6f6b-1024x683.jpeg\" alt=\"\" width=\"1024\" height=\"683\" srcset=\"https:\/\/www.predsjednikfbih.gov.ba\/wp-content\/uploads\/2025\/09\/431b36a7-3278-4d62-8ba3-30ea48ad6f6b-1024x683.jpeg 1024w, https:\/\/www.predsjednikfbih.gov.ba\/wp-content\/uploads\/2025\/09\/431b36a7-3278-4d62-8ba3-30ea48ad6f6b-300x200.jpeg 300w, https:\/\/www.predsjednikfbih.gov.ba\/wp-content\/uploads\/2025\/09\/431b36a7-3278-4d62-8ba3-30ea48ad6f6b-768x512.jpeg 768w, https:\/\/www.predsjednikfbih.gov.ba\/wp-content\/uploads\/2025\/09\/431b36a7-3278-4d62-8ba3-30ea48ad6f6b-1536x1024.jpeg 1536w, https:\/\/www.predsjednikfbih.gov.ba\/wp-content\/uploads\/2025\/09\/431b36a7-3278-4d62-8ba3-30ea48ad6f6b.jpeg 1920w\" sizes=\"(max-width: 1024px) 100vw, 1024px\" \/> <img decoding=\"async\" class=\"alignnone size-large wp-image-2927\" src=\"https:\/\/www.predsjednikfbih.gov.ba\/wp-content\/uploads\/2025\/09\/ade21116-c54f-49f3-893e-e9fe7cc53ebc-1024x683.jpeg\" alt=\"\" width=\"1024\" height=\"683\" srcset=\"https:\/\/www.predsjednikfbih.gov.ba\/wp-content\/uploads\/2025\/09\/ade21116-c54f-49f3-893e-e9fe7cc53ebc-1024x683.jpeg 1024w, https:\/\/www.predsjednikfbih.gov.ba\/wp-content\/uploads\/2025\/09\/ade21116-c54f-49f3-893e-e9fe7cc53ebc-300x200.jpeg 300w, https:\/\/www.predsjednikfbih.gov.ba\/wp-content\/uploads\/2025\/09\/ade21116-c54f-49f3-893e-e9fe7cc53ebc-768x512.jpeg 768w, https:\/\/www.predsjednikfbih.gov.ba\/wp-content\/uploads\/2025\/09\/ade21116-c54f-49f3-893e-e9fe7cc53ebc-1536x1024.jpeg 1536w, https:\/\/www.predsjednikfbih.gov.ba\/wp-content\/uploads\/2025\/09\/ade21116-c54f-49f3-893e-e9fe7cc53ebc.jpeg 1920w\" sizes=\"(max-width: 1024px) 100vw, 1024px\" \/> <img decoding=\"async\" class=\"alignnone size-large wp-image-2928\" src=\"https:\/\/www.predsjednikfbih.gov.ba\/wp-content\/uploads\/2025\/09\/b8035c69-f934-40c0-97da-e5fd868200a4-1024x554.jpeg\" alt=\"\" width=\"1024\" height=\"554\" srcset=\"https:\/\/www.predsjednikfbih.gov.ba\/wp-content\/uploads\/2025\/09\/b8035c69-f934-40c0-97da-e5fd868200a4-1024x554.jpeg 1024w, https:\/\/www.predsjednikfbih.gov.ba\/wp-content\/uploads\/2025\/09\/b8035c69-f934-40c0-97da-e5fd868200a4-300x162.jpeg 300w, https:\/\/www.predsjednikfbih.gov.ba\/wp-content\/uploads\/2025\/09\/b8035c69-f934-40c0-97da-e5fd868200a4-768x415.jpeg 768w, https:\/\/www.predsjednikfbih.gov.ba\/wp-content\/uploads\/2025\/09\/b8035c69-f934-40c0-97da-e5fd868200a4-1536x830.jpeg 1536w, https:\/\/www.predsjednikfbih.gov.ba\/wp-content\/uploads\/2025\/09\/b8035c69-f934-40c0-97da-e5fd868200a4.jpeg 1920w\" sizes=\"(max-width: 1024px) 100vw, 1024px\" \/> <img decoding=\"async\" class=\"alignnone size-large wp-image-2929\" src=\"https:\/\/www.predsjednikfbih.gov.ba\/wp-content\/uploads\/2025\/09\/014216fd-3e76-4bf1-b310-a506a69fa99c-1024x683.jpeg\" alt=\"\" width=\"1024\" height=\"683\" srcset=\"https:\/\/www.predsjednikfbih.gov.ba\/wp-content\/uploads\/2025\/09\/014216fd-3e76-4bf1-b310-a506a69fa99c-1024x683.jpeg 1024w, https:\/\/www.predsjednikfbih.gov.ba\/wp-content\/uploads\/2025\/09\/014216fd-3e76-4bf1-b310-a506a69fa99c-300x200.jpeg 300w, https:\/\/www.predsjednikfbih.gov.ba\/wp-content\/uploads\/2025\/09\/014216fd-3e76-4bf1-b310-a506a69fa99c-768x512.jpeg 768w, https:\/\/www.predsjednikfbih.gov.ba\/wp-content\/uploads\/2025\/09\/014216fd-3e76-4bf1-b310-a506a69fa99c-1536x1024.jpeg 1536w, https:\/\/www.predsjednikfbih.gov.ba\/wp-content\/uploads\/2025\/09\/014216fd-3e76-4bf1-b310-a506a69fa99c.jpeg 1920w\" sizes=\"(max-width: 1024px) 100vw, 1024px\" \/> <img decoding=\"async\" class=\"alignnone size-large wp-image-2930\" src=\"https:\/\/www.predsjednikfbih.gov.ba\/wp-content\/uploads\/2025\/09\/13824475-cfa3-4b3a-b6e8-cf24f539fac0-1024x683.jpeg\" alt=\"\" width=\"1024\" height=\"683\" srcset=\"https:\/\/www.predsjednikfbih.gov.ba\/wp-content\/uploads\/2025\/09\/13824475-cfa3-4b3a-b6e8-cf24f539fac0-1024x683.jpeg 1024w, https:\/\/www.predsjednikfbih.gov.ba\/wp-content\/uploads\/2025\/09\/13824475-cfa3-4b3a-b6e8-cf24f539fac0-300x200.jpeg 300w, https:\/\/www.predsjednikfbih.gov.ba\/wp-content\/uploads\/2025\/09\/13824475-cfa3-4b3a-b6e8-cf24f539fac0-768x512.jpeg 768w, https:\/\/www.predsjednikfbih.gov.ba\/wp-content\/uploads\/2025\/09\/13824475-cfa3-4b3a-b6e8-cf24f539fac0-1536x1024.jpeg 1536w, https:\/\/www.predsjednikfbih.gov.ba\/wp-content\/uploads\/2025\/09\/13824475-cfa3-4b3a-b6e8-cf24f539fac0.jpeg 1920w\" sizes=\"(max-width: 1024px) 100vw, 1024px\" \/> <img decoding=\"async\" class=\"alignnone size-large wp-image-2931\" src=\"https:\/\/www.predsjednikfbih.gov.ba\/wp-content\/uploads\/2025\/09\/17add711-939d-40fd-aca4-979b89f97fef-1024x683.jpeg\" alt=\"\" width=\"1024\" height=\"683\" srcset=\"https:\/\/www.predsjednikfbih.gov.ba\/wp-content\/uploads\/2025\/09\/17add711-939d-40fd-aca4-979b89f97fef-1024x683.jpeg 1024w, https:\/\/www.predsjednikfbih.gov.ba\/wp-content\/uploads\/2025\/09\/17add711-939d-40fd-aca4-979b89f97fef-300x200.jpeg 300w, https:\/\/www.predsjednikfbih.gov.ba\/wp-content\/uploads\/2025\/09\/17add711-939d-40fd-aca4-979b89f97fef-768x512.jpeg 768w, https:\/\/www.predsjednikfbih.gov.ba\/wp-content\/uploads\/2025\/09\/17add711-939d-40fd-aca4-979b89f97fef-1536x1024.jpeg 1536w, https:\/\/www.predsjednikfbih.gov.ba\/wp-content\/uploads\/2025\/09\/17add711-939d-40fd-aca4-979b89f97fef.jpeg 1920w\" sizes=\"(max-width: 1024px) 100vw, 1024px\" \/><\/p>\n","protected":false},"excerpt":{"rendered":"<p>U prostoru sredi\u0161njice Matice hrvatske u Zagrebu sino\u0107 je sve\u010dano odr\u017eana promocija monografije Bolnica s [&hellip;]<\/p>\n","protected":false},"author":1,"featured_media":2928,"comment_status":"open","ping_status":"open","sticky":false,"template":"","format":"standard","meta":{"inline_featured_image":false,"footnotes":""},"categories":[3,4,7],"tags":[],"class_list":["post-2924","post","type-post","status-publish","format-standard","has-post-thumbnail","hentry","category-novosti","category-objave","category-priopcenja"],"acf":[],"_links":{"self":[{"href":"https:\/\/www.predsjednikfbih.gov.ba\/index.php\/wp-json\/wp\/v2\/posts\/2924","targetHints":{"allow":["GET"]}}],"collection":[{"href":"https:\/\/www.predsjednikfbih.gov.ba\/index.php\/wp-json\/wp\/v2\/posts"}],"about":[{"href":"https:\/\/www.predsjednikfbih.gov.ba\/index.php\/wp-json\/wp\/v2\/types\/post"}],"author":[{"embeddable":true,"href":"https:\/\/www.predsjednikfbih.gov.ba\/index.php\/wp-json\/wp\/v2\/users\/1"}],"replies":[{"embeddable":true,"href":"https:\/\/www.predsjednikfbih.gov.ba\/index.php\/wp-json\/wp\/v2\/comments?post=2924"}],"version-history":[{"count":1,"href":"https:\/\/www.predsjednikfbih.gov.ba\/index.php\/wp-json\/wp\/v2\/posts\/2924\/revisions"}],"predecessor-version":[{"id":2932,"href":"https:\/\/www.predsjednikfbih.gov.ba\/index.php\/wp-json\/wp\/v2\/posts\/2924\/revisions\/2932"}],"wp:featuredmedia":[{"embeddable":true,"href":"https:\/\/www.predsjednikfbih.gov.ba\/index.php\/wp-json\/wp\/v2\/media\/2928"}],"wp:attachment":[{"href":"https:\/\/www.predsjednikfbih.gov.ba\/index.php\/wp-json\/wp\/v2\/media?parent=2924"}],"wp:term":[{"taxonomy":"category","embeddable":true,"href":"https:\/\/www.predsjednikfbih.gov.ba\/index.php\/wp-json\/wp\/v2\/categories?post=2924"},{"taxonomy":"post_tag","embeddable":true,"href":"https:\/\/www.predsjednikfbih.gov.ba\/index.php\/wp-json\/wp\/v2\/tags?post=2924"}],"curies":[{"name":"wp","href":"https:\/\/api.w.org\/{rel}","templated":true}]}}