{"id":2914,"date":"2025-09-25T14:16:12","date_gmt":"2025-09-25T14:16:12","guid":{"rendered":"https:\/\/www.predsjednikfbih.gov.ba\/?p=2914"},"modified":"2025-09-25T14:16:57","modified_gmt":"2025-09-25T14:16:57","slug":"dan-drzavnosti-ceske-republike-obiljezen-u-sarajevu","status":"publish","type":"post","link":"https:\/\/www.predsjednikfbih.gov.ba\/index.php\/2025\/09\/25\/dan-drzavnosti-ceske-republike-obiljezen-u-sarajevu\/","title":{"rendered":"Dan dr\u017eavnosti \u010ce\u0161ke Republike obilje\u017een u Sarajevu"},"content":{"rendered":"<h4><span style=\"-webkit-text-size-adjust: 100%;\">U Domu oru\u017eanih snaga Bosne i Hercegovine u Sarajevu sve\u010dano je obilje\u017een Dan dr\u017eavnosti \u010ce\u0161ke Republike, koji se slavi 28. rujna u \u010dast sv. Vjenceslava, nacionalnog patrona \u010de\u0161kog naroda. Doma\u0107in prijema bila je veleposlanica \u010ce\u0161ke Republike u BiH, Jana K. Loli\u0107 \u0160indelkov\u00e1.<\/span><\/h4>\n<p>Sve\u010danosti su nazo\u010dili brojni du\u017enosnici i uzvanici iz politi\u010dkog, diplomatskog i javnog \u017eivota, me\u0111u kojima i predsjednica Federacije Bosne i Hercegovine Lidija Bradara, te predstavnici diplomatskog zbora i me\u0111unarodne zajednice u BiH.<\/p>\n<p>U prigodnom obra\u0107anju veleposlanice nagla\u0161eni su tradicionalno dobri i prijateljski odnosi Bosne i Hercegovine i \u010ce\u0161ke Republike, uz isticanje porasta trgovinske razmjene, kao i va\u017enih posjeta visokih \u010de\u0161kih du\u017enosnika protekle godine, uklju\u010duju\u0107i i predsjednika. Posebno je podcrtana kontinuirana potpora \u010ce\u0161ke europskom putu Bosne i Hercegovine, kao i doprinos suradnji u razli\u010ditim dru\u0161tvenim i gospodarskim segmentima.<\/p>\n<p>Kulturno-umjetni\u010dki dio programa upotpunjen je nastupom \u010de\u0161kih glazbenika, dok su gosti imali priliku u\u017eivati u specijalitetima \u010de\u0161ke i doma\u0107e kuhinje, vinima i delicijama. Na taj na\u010din veleposlanstvo \u010ce\u0161ke Republike priredilo je autenti\u010dan do\u017eivljaj \u010de\u0161ke kulture i gostoljubivosti, potvrdiv\u0161i sna\u017ene veze dviju prijateljskih zemalja.<\/p>\n<p><img decoding=\"async\" class=\"alignnone size-large wp-image-2920\" src=\"https:\/\/www.predsjednikfbih.gov.ba\/wp-content\/uploads\/2025\/09\/DSC07518-1024x803.jpeg\" alt=\"\" width=\"1024\" height=\"803\" srcset=\"https:\/\/www.predsjednikfbih.gov.ba\/wp-content\/uploads\/2025\/09\/DSC07518-1024x803.jpeg 1024w, https:\/\/www.predsjednikfbih.gov.ba\/wp-content\/uploads\/2025\/09\/DSC07518-300x235.jpeg 300w, https:\/\/www.predsjednikfbih.gov.ba\/wp-content\/uploads\/2025\/09\/DSC07518-768x602.jpeg 768w, https:\/\/www.predsjednikfbih.gov.ba\/wp-content\/uploads\/2025\/09\/DSC07518-1536x1205.jpeg 1536w, https:\/\/www.predsjednikfbih.gov.ba\/wp-content\/uploads\/2025\/09\/DSC07518.jpeg 1920w\" sizes=\"(max-width: 1024px) 100vw, 1024px\" \/> <img decoding=\"async\" class=\"alignnone size-large wp-image-2921\" src=\"https:\/\/www.predsjednikfbih.gov.ba\/wp-content\/uploads\/2025\/09\/DSC07536-1024x683.jpeg\" alt=\"\" width=\"1024\" height=\"683\" srcset=\"https:\/\/www.predsjednikfbih.gov.ba\/wp-content\/uploads\/2025\/09\/DSC07536-1024x683.jpeg 1024w, https:\/\/www.predsjednikfbih.gov.ba\/wp-content\/uploads\/2025\/09\/DSC07536-300x200.jpeg 300w, https:\/\/www.predsjednikfbih.gov.ba\/wp-content\/uploads\/2025\/09\/DSC07536-768x512.jpeg 768w, https:\/\/www.predsjednikfbih.gov.ba\/wp-content\/uploads\/2025\/09\/DSC07536-1536x1024.jpeg 1536w, https:\/\/www.predsjednikfbih.gov.ba\/wp-content\/uploads\/2025\/09\/DSC07536.jpeg 1920w\" sizes=\"(max-width: 1024px) 100vw, 1024px\" \/> <img decoding=\"async\" class=\"alignnone size-large wp-image-2918\" src=\"https:\/\/www.predsjednikfbih.gov.ba\/wp-content\/uploads\/2025\/09\/DSC07526-1024x536.jpeg\" alt=\"\" width=\"1024\" height=\"536\" srcset=\"https:\/\/www.predsjednikfbih.gov.ba\/wp-content\/uploads\/2025\/09\/DSC07526-1024x536.jpeg 1024w, https:\/\/www.predsjednikfbih.gov.ba\/wp-content\/uploads\/2025\/09\/DSC07526-300x157.jpeg 300w, https:\/\/www.predsjednikfbih.gov.ba\/wp-content\/uploads\/2025\/09\/DSC07526-768x402.jpeg 768w, https:\/\/www.predsjednikfbih.gov.ba\/wp-content\/uploads\/2025\/09\/DSC07526-1536x804.jpeg 1536w, https:\/\/www.predsjednikfbih.gov.ba\/wp-content\/uploads\/2025\/09\/DSC07526.jpeg 1920w\" sizes=\"(max-width: 1024px) 100vw, 1024px\" \/> <img decoding=\"async\" class=\"alignnone size-large wp-image-2915\" src=\"https:\/\/www.predsjednikfbih.gov.ba\/wp-content\/uploads\/2025\/09\/DSC07544-1024x683.jpeg\" alt=\"\" width=\"1024\" height=\"683\" srcset=\"https:\/\/www.predsjednikfbih.gov.ba\/wp-content\/uploads\/2025\/09\/DSC07544-1024x683.jpeg 1024w, https:\/\/www.predsjednikfbih.gov.ba\/wp-content\/uploads\/2025\/09\/DSC07544-300x200.jpeg 300w, https:\/\/www.predsjednikfbih.gov.ba\/wp-content\/uploads\/2025\/09\/DSC07544-768x512.jpeg 768w, https:\/\/www.predsjednikfbih.gov.ba\/wp-content\/uploads\/2025\/09\/DSC07544-1536x1024.jpeg 1536w, https:\/\/www.predsjednikfbih.gov.ba\/wp-content\/uploads\/2025\/09\/DSC07544.jpeg 1920w\" sizes=\"(max-width: 1024px) 100vw, 1024px\" \/> <img decoding=\"async\" class=\"alignnone size-large wp-image-2917\" src=\"https:\/\/www.predsjednikfbih.gov.ba\/wp-content\/uploads\/2025\/09\/IMG_8728-1024x768.jpeg\" alt=\"\" width=\"1024\" height=\"768\" srcset=\"https:\/\/www.predsjednikfbih.gov.ba\/wp-content\/uploads\/2025\/09\/IMG_8728-1024x768.jpeg 1024w, https:\/\/www.predsjednikfbih.gov.ba\/wp-content\/uploads\/2025\/09\/IMG_8728-300x225.jpeg 300w, https:\/\/www.predsjednikfbih.gov.ba\/wp-content\/uploads\/2025\/09\/IMG_8728-768x576.jpeg 768w, https:\/\/www.predsjednikfbih.gov.ba\/wp-content\/uploads\/2025\/09\/IMG_8728-1536x1152.jpeg 1536w, https:\/\/www.predsjednikfbih.gov.ba\/wp-content\/uploads\/2025\/09\/IMG_8728.jpeg 1920w\" sizes=\"(max-width: 1024px) 100vw, 1024px\" \/> <img decoding=\"async\" class=\"alignnone size-large wp-image-2916\" src=\"https:\/\/www.predsjednikfbih.gov.ba\/wp-content\/uploads\/2025\/09\/IMG_8733-1024x768.jpeg\" alt=\"\" width=\"1024\" height=\"768\" srcset=\"https:\/\/www.predsjednikfbih.gov.ba\/wp-content\/uploads\/2025\/09\/IMG_8733-1024x768.jpeg 1024w, https:\/\/www.predsjednikfbih.gov.ba\/wp-content\/uploads\/2025\/09\/IMG_8733-300x225.jpeg 300w, https:\/\/www.predsjednikfbih.gov.ba\/wp-content\/uploads\/2025\/09\/IMG_8733-768x576.jpeg 768w, https:\/\/www.predsjednikfbih.gov.ba\/wp-content\/uploads\/2025\/09\/IMG_8733-1536x1152.jpeg 1536w, https:\/\/www.predsjednikfbih.gov.ba\/wp-content\/uploads\/2025\/09\/IMG_8733.jpeg 1920w\" sizes=\"(max-width: 1024px) 100vw, 1024px\" \/><\/p>\n","protected":false},"excerpt":{"rendered":"<p>U Domu oru\u017eanih snaga Bosne i Hercegovine u Sarajevu sve\u010dano je obilje\u017een Dan dr\u017eavnosti \u010ce\u0161ke [&hellip;]<\/p>\n","protected":false},"author":1,"featured_media":2919,"comment_status":"open","ping_status":"open","sticky":false,"template":"","format":"standard","meta":{"inline_featured_image":false,"footnotes":""},"categories":[3,4,7],"tags":[],"class_list":["post-2914","post","type-post","status-publish","format-standard","has-post-thumbnail","hentry","category-novosti","category-objave","category-priopcenja"],"acf":[],"_links":{"self":[{"href":"https:\/\/www.predsjednikfbih.gov.ba\/index.php\/wp-json\/wp\/v2\/posts\/2914","targetHints":{"allow":["GET"]}}],"collection":[{"href":"https:\/\/www.predsjednikfbih.gov.ba\/index.php\/wp-json\/wp\/v2\/posts"}],"about":[{"href":"https:\/\/www.predsjednikfbih.gov.ba\/index.php\/wp-json\/wp\/v2\/types\/post"}],"author":[{"embeddable":true,"href":"https:\/\/www.predsjednikfbih.gov.ba\/index.php\/wp-json\/wp\/v2\/users\/1"}],"replies":[{"embeddable":true,"href":"https:\/\/www.predsjednikfbih.gov.ba\/index.php\/wp-json\/wp\/v2\/comments?post=2914"}],"version-history":[{"count":2,"href":"https:\/\/www.predsjednikfbih.gov.ba\/index.php\/wp-json\/wp\/v2\/posts\/2914\/revisions"}],"predecessor-version":[{"id":2923,"href":"https:\/\/www.predsjednikfbih.gov.ba\/index.php\/wp-json\/wp\/v2\/posts\/2914\/revisions\/2923"}],"wp:featuredmedia":[{"embeddable":true,"href":"https:\/\/www.predsjednikfbih.gov.ba\/index.php\/wp-json\/wp\/v2\/media\/2919"}],"wp:attachment":[{"href":"https:\/\/www.predsjednikfbih.gov.ba\/index.php\/wp-json\/wp\/v2\/media?parent=2914"}],"wp:term":[{"taxonomy":"category","embeddable":true,"href":"https:\/\/www.predsjednikfbih.gov.ba\/index.php\/wp-json\/wp\/v2\/categories?post=2914"},{"taxonomy":"post_tag","embeddable":true,"href":"https:\/\/www.predsjednikfbih.gov.ba\/index.php\/wp-json\/wp\/v2\/tags?post=2914"}],"curies":[{"name":"wp","href":"https:\/\/api.w.org\/{rel}","templated":true}]}}