{"id":289,"date":"2023-10-12T07:41:57","date_gmt":"2023-10-12T07:41:57","guid":{"rendered":"https:\/\/www.predsjednikfbih.gov.ba\/?p=289"},"modified":"2023-10-12T07:41:59","modified_gmt":"2023-10-12T07:41:59","slug":"predsjednica-bradara-o-spomeniku-brigade-kralj-tvrtko","status":"publish","type":"post","link":"https:\/\/www.predsjednikfbih.gov.ba\/index.php\/2023\/10\/12\/predsjednica-bradara-o-spomeniku-brigade-kralj-tvrtko\/","title":{"rendered":"Predsjednica Bradara o spomeniku brigade \"Kralj Tvrtko\""},"content":{"rendered":"\n<p>Krajnje je vrijeme da prestanemo polagati vijence \"na mjestu predvi\u0111enom za izgradnju spomenika\" i izgradimo spomenik poginulim i preminulim braniteljima Grada Sarajeva pripadnicima HVO brigade \"Kralj Tvrtko\" kazala je predsjednica Federacije BiH Lidija Bradara koja je nakon ju\u010dera\u0161nje obljetnice, razgovarala s predstavnicima Udruge dragovoljaca i veterana Domovinskog rata HVO HB Kantona Sarajevo to\u010dnije sa Zdenkom Bo\u0161kovi\u0107em, Borkom Tatli\u0107em i Vlatkom Pe\u0161ikanom.<\/p>\n\n\n\n<p>\"Njihovi problemi su istinski test multietni\u010dkog Sarajeva a problema je puno, od financiranja do izgradnje spomenika. Ovi ljudi, i poginuli branitelji brigade \"Kralj Tvrtko\", zaslu\u017euju ostaviti trag, trag sa obilje\u017ejima pod kojima su se borili\" poru\u010dila je predsjednica Bradara nakon sastanka.<\/p>\n","protected":false},"excerpt":{"rendered":"<p>Krajnje je vrijeme da prestanemo polagati vijence \"na mjestu predvi\u0111enom za izgradnju spomenika\" i izgradimo [&hellip;]<\/p>\n","protected":false},"author":1,"featured_media":290,"comment_status":"open","ping_status":"open","sticky":false,"template":"","format":"standard","meta":{"inline_featured_image":false,"footnotes":""},"categories":[8,4,7],"tags":[],"class_list":["post-289","post","type-post","status-publish","format-standard","has-post-thumbnail","hentry","category-izjave","category-objave","category-priopcenja"],"acf":[],"_links":{"self":[{"href":"https:\/\/www.predsjednikfbih.gov.ba\/index.php\/wp-json\/wp\/v2\/posts\/289","targetHints":{"allow":["GET"]}}],"collection":[{"href":"https:\/\/www.predsjednikfbih.gov.ba\/index.php\/wp-json\/wp\/v2\/posts"}],"about":[{"href":"https:\/\/www.predsjednikfbih.gov.ba\/index.php\/wp-json\/wp\/v2\/types\/post"}],"author":[{"embeddable":true,"href":"https:\/\/www.predsjednikfbih.gov.ba\/index.php\/wp-json\/wp\/v2\/users\/1"}],"replies":[{"embeddable":true,"href":"https:\/\/www.predsjednikfbih.gov.ba\/index.php\/wp-json\/wp\/v2\/comments?post=289"}],"version-history":[{"count":1,"href":"https:\/\/www.predsjednikfbih.gov.ba\/index.php\/wp-json\/wp\/v2\/posts\/289\/revisions"}],"predecessor-version":[{"id":291,"href":"https:\/\/www.predsjednikfbih.gov.ba\/index.php\/wp-json\/wp\/v2\/posts\/289\/revisions\/291"}],"wp:featuredmedia":[{"embeddable":true,"href":"https:\/\/www.predsjednikfbih.gov.ba\/index.php\/wp-json\/wp\/v2\/media\/290"}],"wp:attachment":[{"href":"https:\/\/www.predsjednikfbih.gov.ba\/index.php\/wp-json\/wp\/v2\/media?parent=289"}],"wp:term":[{"taxonomy":"category","embeddable":true,"href":"https:\/\/www.predsjednikfbih.gov.ba\/index.php\/wp-json\/wp\/v2\/categories?post=289"},{"taxonomy":"post_tag","embeddable":true,"href":"https:\/\/www.predsjednikfbih.gov.ba\/index.php\/wp-json\/wp\/v2\/tags?post=289"}],"curies":[{"name":"wp","href":"https:\/\/api.w.org\/{rel}","templated":true}]}}