{"id":2705,"date":"2025-07-22T11:14:44","date_gmt":"2025-07-22T11:14:44","guid":{"rendered":"https:\/\/www.predsjednikfbih.gov.ba\/?p=2705"},"modified":"2025-07-22T11:14:44","modified_gmt":"2025-07-22T11:14:44","slug":"predsjednica-bradara-na-potpisivanju-ugovora-za-izgradnju-kulturno-sportskog-centra-mostar-ovo-je-simbol-jednog-novog-vremena","status":"publish","type":"post","link":"https:\/\/www.predsjednikfbih.gov.ba\/index.php\/2025\/07\/22\/predsjednica-bradara-na-potpisivanju-ugovora-za-izgradnju-kulturno-sportskog-centra-mostar-ovo-je-simbol-jednog-novog-vremena\/","title":{"rendered":"Predsjednica Bradara na potpisivanju ugovora za izgradnju Kulturno-sportskog centra Mostar: \u201cOvo je simbol jednog novog vremena\u201d"},"content":{"rendered":"<p>U Gradskoj vije\u0107nici Mostara danas je potpisan ugovor koji ozna\u010dava novi po\u010detak jednog od najzna\u010dajnijih infrastrukturnih projekata u ovom dijelu Hercegovine \u2013 izgradnje Kulturno-sportskog centra Mostar. Na sve\u010danosti potpisivanja ugovora sudjelovala je i predsjednica Federacije BiH Lidija Bradara, uz predstavnike Razvojne banke Vije\u0107a Europe odnosno viceguvernera Toma\u0161a Bo\u010deka, ministra financija i trezora BiH Sr\u0111ana Amid\u017ei\u0107a, Federalne ministrice kulture i sporta Sanje Vlaisavljevi\u0107 te doma\u0107ina \u2013 gradona\u010delnika Mostara Marija Kordi\u0107a.<\/p>\n<p>Radi se o projektu koji se planira i gradi desetlje\u0107ima, a sada, zahvaljuju\u0107i zajedni\u010dkom anga\u017emanu doma\u0107ih i me\u0111unarodnih partnera, kona\u010dno ulazi u fazu konkretne realizacije.<\/p>\n<p>\u201c<em>Kulturno-sportski centar nije samo gra\u0111evina od betona i \u010delika. On je simbol promjene, odlu\u010dnosti i jednog novog vremena. Ulaganjem u ovaj Centar, ula\u017eemo u dru\u0161tvenu koheziju, me\u0111usobno razumijevanje, i mjesto gdje \u0107e se graditi povjerenje \u2013 izme\u0111u generacija, naroda, ideja i snova,\u201d<\/em> istaknula je predsjednica Bradara u svom obra\u0107anju.<\/p>\n<p>Projektom je predvi\u0111ena multifunkcionalna dvorana povr\u0161ine od oko 45.000 kvadratnih metara, kapaciteta 5.000 sjede\u0107ih mjesta, s nizom dodatnih sadr\u017eaja \u2013 od sportskih i kulturnih prostora do prostora za osobe s invaliditetom, medijskog centra, konferencijskih dvorana i ugostiteljskih jedinica.<\/p>\n<p>Ukupna vrijednost projekta procijenjena je na 25 milijuna eura. Od toga, 12 milijuna osigurava se kreditnim sredstvima Razvojne banke Vije\u0107a Europe, uz dodatnih 1,5 milijuna eura u vidu granta. Ostatak \u0107e biti pokriven sredstvima Grada Mostara, Hercegova\u010dko-neretvanske \u017eupanije i Federacije Bosne i Hercegovine.<\/p>\n<p>Predsjednica Bradara je poru\u010dila kako \u0107e i dalje sna\u017eno podr\u017eavati ovakve projekte:<\/p>\n<p>\u201c<em>Uvijek \u0107u se zalagati za projekte koji vra\u0107aju vjeru u napredak, koji okupljaju umjesto da dijele, koji grade umjesto da razgra\u0111uju.\u201d<\/em><\/p>\n<p>Gradona\u010delnik Mario Kordi\u0107, koji je osobno inicirao obnovu projekta, kao i njegovi prethodnici, zahvalio je svima koji su omogu\u0107ili njegovo pokretanje te naglasio da \u0107e Mostar uskoro dobiti suvremeni centar za sport, kulturu, obrazovanje i okupljanje gra\u0111ana.<\/p>\n<p>Izgradnjom ovog objekta Mostar ne samo da dobiva va\u017enu infrastrukturnu investiciju, ve\u0107 i prostor koji \u0107e generacijama slu\u017eiti kao mjesto susreta, zajedni\u0161tva i napretka.<\/p>\n<p><img decoding=\"async\" class=\"alignnone size-large wp-image-2712\" src=\"https:\/\/www.predsjednikfbih.gov.ba\/wp-content\/uploads\/2025\/07\/IMG_2046-1024x768.jpeg\" alt=\"\" width=\"1024\" height=\"768\" srcset=\"https:\/\/www.predsjednikfbih.gov.ba\/wp-content\/uploads\/2025\/07\/IMG_2046-1024x768.jpeg 1024w, https:\/\/www.predsjednikfbih.gov.ba\/wp-content\/uploads\/2025\/07\/IMG_2046-300x225.jpeg 300w, https:\/\/www.predsjednikfbih.gov.ba\/wp-content\/uploads\/2025\/07\/IMG_2046-768x576.jpeg 768w, https:\/\/www.predsjednikfbih.gov.ba\/wp-content\/uploads\/2025\/07\/IMG_2046-1536x1152.jpeg 1536w, https:\/\/www.predsjednikfbih.gov.ba\/wp-content\/uploads\/2025\/07\/IMG_2046.jpeg 1920w\" sizes=\"(max-width: 1024px) 100vw, 1024px\" \/> <img decoding=\"async\" class=\"alignnone size-large wp-image-2713\" src=\"https:\/\/www.predsjednikfbih.gov.ba\/wp-content\/uploads\/2025\/07\/DSC04206-1024x683.jpeg\" alt=\"\" width=\"1024\" height=\"683\" srcset=\"https:\/\/www.predsjednikfbih.gov.ba\/wp-content\/uploads\/2025\/07\/DSC04206-1024x683.jpeg 1024w, https:\/\/www.predsjednikfbih.gov.ba\/wp-content\/uploads\/2025\/07\/DSC04206-300x200.jpeg 300w, https:\/\/www.predsjednikfbih.gov.ba\/wp-content\/uploads\/2025\/07\/DSC04206-768x512.jpeg 768w, https:\/\/www.predsjednikfbih.gov.ba\/wp-content\/uploads\/2025\/07\/DSC04206-1536x1024.jpeg 1536w, https:\/\/www.predsjednikfbih.gov.ba\/wp-content\/uploads\/2025\/07\/DSC04206.jpeg 1920w\" sizes=\"(max-width: 1024px) 100vw, 1024px\" \/> <img decoding=\"async\" class=\"alignnone size-large wp-image-2710\" src=\"https:\/\/www.predsjednikfbih.gov.ba\/wp-content\/uploads\/2025\/07\/IMG_2129-1024x768.jpeg\" alt=\"\" width=\"1024\" height=\"768\" srcset=\"https:\/\/www.predsjednikfbih.gov.ba\/wp-content\/uploads\/2025\/07\/IMG_2129-1024x768.jpeg 1024w, https:\/\/www.predsjednikfbih.gov.ba\/wp-content\/uploads\/2025\/07\/IMG_2129-300x225.jpeg 300w, https:\/\/www.predsjednikfbih.gov.ba\/wp-content\/uploads\/2025\/07\/IMG_2129-768x576.jpeg 768w, https:\/\/www.predsjednikfbih.gov.ba\/wp-content\/uploads\/2025\/07\/IMG_2129-1536x1152.jpeg 1536w, https:\/\/www.predsjednikfbih.gov.ba\/wp-content\/uploads\/2025\/07\/IMG_2129.jpeg 1920w\" sizes=\"(max-width: 1024px) 100vw, 1024px\" \/> <img decoding=\"async\" class=\"alignnone size-large wp-image-2711\" src=\"https:\/\/www.predsjednikfbih.gov.ba\/wp-content\/uploads\/2025\/07\/DSC04224-1024x683.jpeg\" alt=\"\" width=\"1024\" height=\"683\" srcset=\"https:\/\/www.predsjednikfbih.gov.ba\/wp-content\/uploads\/2025\/07\/DSC04224-1024x683.jpeg 1024w, https:\/\/www.predsjednikfbih.gov.ba\/wp-content\/uploads\/2025\/07\/DSC04224-300x200.jpeg 300w, https:\/\/www.predsjednikfbih.gov.ba\/wp-content\/uploads\/2025\/07\/DSC04224-768x512.jpeg 768w, https:\/\/www.predsjednikfbih.gov.ba\/wp-content\/uploads\/2025\/07\/DSC04224-1536x1024.jpeg 1536w, https:\/\/www.predsjednikfbih.gov.ba\/wp-content\/uploads\/2025\/07\/DSC04224.jpeg 1920w\" sizes=\"(max-width: 1024px) 100vw, 1024px\" \/> <img decoding=\"async\" class=\"alignnone size-large wp-image-2706\" src=\"https:\/\/www.predsjednikfbih.gov.ba\/wp-content\/uploads\/2025\/07\/IMG_2214-1024x768.jpeg\" alt=\"\" width=\"1024\" height=\"768\" srcset=\"https:\/\/www.predsjednikfbih.gov.ba\/wp-content\/uploads\/2025\/07\/IMG_2214-1024x768.jpeg 1024w, https:\/\/www.predsjednikfbih.gov.ba\/wp-content\/uploads\/2025\/07\/IMG_2214-300x225.jpeg 300w, https:\/\/www.predsjednikfbih.gov.ba\/wp-content\/uploads\/2025\/07\/IMG_2214-768x576.jpeg 768w, https:\/\/www.predsjednikfbih.gov.ba\/wp-content\/uploads\/2025\/07\/IMG_2214-1536x1152.jpeg 1536w, https:\/\/www.predsjednikfbih.gov.ba\/wp-content\/uploads\/2025\/07\/IMG_2214.jpeg 1920w\" sizes=\"(max-width: 1024px) 100vw, 1024px\" \/> <img decoding=\"async\" class=\"alignnone size-large wp-image-2707\" src=\"https:\/\/www.predsjednikfbih.gov.ba\/wp-content\/uploads\/2025\/07\/IMG_2207-1024x768.jpeg\" alt=\"\" width=\"1024\" height=\"768\" srcset=\"https:\/\/www.predsjednikfbih.gov.ba\/wp-content\/uploads\/2025\/07\/IMG_2207-1024x768.jpeg 1024w, https:\/\/www.predsjednikfbih.gov.ba\/wp-content\/uploads\/2025\/07\/IMG_2207-300x225.jpeg 300w, https:\/\/www.predsjednikfbih.gov.ba\/wp-content\/uploads\/2025\/07\/IMG_2207-768x576.jpeg 768w, https:\/\/www.predsjednikfbih.gov.ba\/wp-content\/uploads\/2025\/07\/IMG_2207-1536x1152.jpeg 1536w, https:\/\/www.predsjednikfbih.gov.ba\/wp-content\/uploads\/2025\/07\/IMG_2207.jpeg 1920w\" sizes=\"(max-width: 1024px) 100vw, 1024px\" \/> <img decoding=\"async\" class=\"alignnone size-large wp-image-2708\" src=\"https:\/\/www.predsjednikfbih.gov.ba\/wp-content\/uploads\/2025\/07\/IMG_2191-1024x768.jpeg\" alt=\"\" width=\"1024\" height=\"768\" srcset=\"https:\/\/www.predsjednikfbih.gov.ba\/wp-content\/uploads\/2025\/07\/IMG_2191-1024x768.jpeg 1024w, https:\/\/www.predsjednikfbih.gov.ba\/wp-content\/uploads\/2025\/07\/IMG_2191-300x225.jpeg 300w, https:\/\/www.predsjednikfbih.gov.ba\/wp-content\/uploads\/2025\/07\/IMG_2191-768x576.jpeg 768w, https:\/\/www.predsjednikfbih.gov.ba\/wp-content\/uploads\/2025\/07\/IMG_2191-1536x1152.jpeg 1536w, https:\/\/www.predsjednikfbih.gov.ba\/wp-content\/uploads\/2025\/07\/IMG_2191.jpeg 1920w\" sizes=\"(max-width: 1024px) 100vw, 1024px\" \/> <img decoding=\"async\" class=\"alignnone size-large wp-image-2709\" src=\"https:\/\/www.predsjednikfbih.gov.ba\/wp-content\/uploads\/2025\/07\/IMG_2177-1024x768.jpeg\" alt=\"\" width=\"1024\" height=\"768\" srcset=\"https:\/\/www.predsjednikfbih.gov.ba\/wp-content\/uploads\/2025\/07\/IMG_2177-1024x768.jpeg 1024w, https:\/\/www.predsjednikfbih.gov.ba\/wp-content\/uploads\/2025\/07\/IMG_2177-300x225.jpeg 300w, https:\/\/www.predsjednikfbih.gov.ba\/wp-content\/uploads\/2025\/07\/IMG_2177-768x576.jpeg 768w, https:\/\/www.predsjednikfbih.gov.ba\/wp-content\/uploads\/2025\/07\/IMG_2177-1536x1152.jpeg 1536w, https:\/\/www.predsjednikfbih.gov.ba\/wp-content\/uploads\/2025\/07\/IMG_2177.jpeg 1920w\" sizes=\"(max-width: 1024px) 100vw, 1024px\" \/><\/p>\n","protected":false},"excerpt":{"rendered":"<p>U Gradskoj vije\u0107nici Mostara danas je potpisan ugovor koji ozna\u010dava novi po\u010detak jednog od najzna\u010dajnijih [&hellip;]<\/p>\n","protected":false},"author":1,"featured_media":2710,"comment_status":"open","ping_status":"open","sticky":false,"template":"","format":"standard","meta":{"inline_featured_image":false,"footnotes":""},"categories":[3,4,7],"tags":[],"class_list":["post-2705","post","type-post","status-publish","format-standard","has-post-thumbnail","hentry","category-novosti","category-objave","category-priopcenja"],"acf":[],"_links":{"self":[{"href":"https:\/\/www.predsjednikfbih.gov.ba\/index.php\/wp-json\/wp\/v2\/posts\/2705","targetHints":{"allow":["GET"]}}],"collection":[{"href":"https:\/\/www.predsjednikfbih.gov.ba\/index.php\/wp-json\/wp\/v2\/posts"}],"about":[{"href":"https:\/\/www.predsjednikfbih.gov.ba\/index.php\/wp-json\/wp\/v2\/types\/post"}],"author":[{"embeddable":true,"href":"https:\/\/www.predsjednikfbih.gov.ba\/index.php\/wp-json\/wp\/v2\/users\/1"}],"replies":[{"embeddable":true,"href":"https:\/\/www.predsjednikfbih.gov.ba\/index.php\/wp-json\/wp\/v2\/comments?post=2705"}],"version-history":[{"count":1,"href":"https:\/\/www.predsjednikfbih.gov.ba\/index.php\/wp-json\/wp\/v2\/posts\/2705\/revisions"}],"predecessor-version":[{"id":2714,"href":"https:\/\/www.predsjednikfbih.gov.ba\/index.php\/wp-json\/wp\/v2\/posts\/2705\/revisions\/2714"}],"wp:featuredmedia":[{"embeddable":true,"href":"https:\/\/www.predsjednikfbih.gov.ba\/index.php\/wp-json\/wp\/v2\/media\/2710"}],"wp:attachment":[{"href":"https:\/\/www.predsjednikfbih.gov.ba\/index.php\/wp-json\/wp\/v2\/media?parent=2705"}],"wp:term":[{"taxonomy":"category","embeddable":true,"href":"https:\/\/www.predsjednikfbih.gov.ba\/index.php\/wp-json\/wp\/v2\/categories?post=2705"},{"taxonomy":"post_tag","embeddable":true,"href":"https:\/\/www.predsjednikfbih.gov.ba\/index.php\/wp-json\/wp\/v2\/tags?post=2705"}],"curies":[{"name":"wp","href":"https:\/\/api.w.org\/{rel}","templated":true}]}}