{"id":251,"date":"2023-10-12T07:31:17","date_gmt":"2023-10-12T07:31:17","guid":{"rendered":"https:\/\/www.predsjednikfbih.gov.ba\/?p=251"},"modified":"2023-10-12T07:31:18","modified_gmt":"2023-10-12T07:31:18","slug":"predsjednica-bradara-podrzala-rad-udruge-herzegowine","status":"publish","type":"post","link":"https:\/\/www.predsjednikfbih.gov.ba\/index.php\/2023\/10\/12\/predsjednica-bradara-podrzala-rad-udruge-herzegowine\/","title":{"rendered":"Predsjednica Bradara podr\u017eala rad udruge Herzegowine"},"content":{"rendered":"\n<p>Gorana Mari\u0107a, Karla Ka\u010di\u0107a i Kre\u0161imira Merd\u017eu, \u010dlanove udruge Herzegowine , okupila je ljubav prema vinarstvu kao i \u017eelja da pozicioniraju Mostar u centar jedne ve\u0107e, vinske regije.<\/p>\n\n\n\n<p>&nbsp;Izme\u0111u ostaloga pripremaju jedan doga\u0111aj sredinom narednog mjeseca posve\u0107en promociji hercegova\u010dkih ali i vina iz drugih dijelova BiH. Cilj im je dokazati raznolikost i kvalitetu doma\u0107ih sorti i vinara kako na doma\u0107oj tako i na me\u0111unarodnoj sceni.<\/p>\n\n\n\n<p>Tim povodom, u posjet ih je primila predsjednica Federacije BiH Lidija Bradara koja \u0107e podr\u017eati prvi, HERZEGOWINE FEST, festival vina planiran za 15. lipnja u Mostaru.<\/p>\n\n\n\n<p>Doga\u0111aj \u0107e okupiti preko \u010detrdeset lokalnih vinara koji \u0107e predstaviti preko dvije stotine vinskih etiketa s podru\u010dja Hercegovine. Tako\u0111er, doga\u0111aj \u0107e upotpuniti i lokalne delicije te vrhunski glazbeni kao i umjetni\u010dki program.<\/p>\n\n\n\n<p>HERZEGOWINE FEST, kao novi segment eno-gastro turisti\u010dke ponude Mostara i Hercegovine, idealna je prilika za sve one koji se \u017eele upoznati sa vinskom ba\u0161tinom, lokalnim delicijama i ku\u0161ati vrhunske okuse na\u0161e Hercegovine.<\/p>\n\n\n\n<p>\"Zadovoljstvo mi je bilo upoznati se s dijelom ponude vinara koje ova udruga promovira a koja mo\u017ee i treba biti na ponos svima nama kao odli\u010dan brend, izvozni potencijal ali i zna\u010dajna gospodarska grana. Bit \u0107e mi zadovoljstvo podr\u017eati njihov rad\" kazala je predsjednica Bradara.<\/p>\n","protected":false},"excerpt":{"rendered":"<p>Gorana Mari\u0107a, Karla Ka\u010di\u0107a i Kre\u0161imira Merd\u017eu, \u010dlanove udruge Herzegowine , okupila je ljubav prema [&hellip;]<\/p>\n","protected":false},"author":1,"featured_media":0,"comment_status":"open","ping_status":"open","sticky":false,"template":"","format":"standard","meta":{"inline_featured_image":false,"footnotes":""},"categories":[8,2,7],"tags":[],"class_list":["post-251","post","type-post","status-publish","format-standard","hentry","category-izjave","category-najave","category-priopcenja"],"acf":[],"_links":{"self":[{"href":"https:\/\/www.predsjednikfbih.gov.ba\/index.php\/wp-json\/wp\/v2\/posts\/251","targetHints":{"allow":["GET"]}}],"collection":[{"href":"https:\/\/www.predsjednikfbih.gov.ba\/index.php\/wp-json\/wp\/v2\/posts"}],"about":[{"href":"https:\/\/www.predsjednikfbih.gov.ba\/index.php\/wp-json\/wp\/v2\/types\/post"}],"author":[{"embeddable":true,"href":"https:\/\/www.predsjednikfbih.gov.ba\/index.php\/wp-json\/wp\/v2\/users\/1"}],"replies":[{"embeddable":true,"href":"https:\/\/www.predsjednikfbih.gov.ba\/index.php\/wp-json\/wp\/v2\/comments?post=251"}],"version-history":[{"count":2,"href":"https:\/\/www.predsjednikfbih.gov.ba\/index.php\/wp-json\/wp\/v2\/posts\/251\/revisions"}],"predecessor-version":[{"id":253,"href":"https:\/\/www.predsjednikfbih.gov.ba\/index.php\/wp-json\/wp\/v2\/posts\/251\/revisions\/253"}],"wp:attachment":[{"href":"https:\/\/www.predsjednikfbih.gov.ba\/index.php\/wp-json\/wp\/v2\/media?parent=251"}],"wp:term":[{"taxonomy":"category","embeddable":true,"href":"https:\/\/www.predsjednikfbih.gov.ba\/index.php\/wp-json\/wp\/v2\/categories?post=251"},{"taxonomy":"post_tag","embeddable":true,"href":"https:\/\/www.predsjednikfbih.gov.ba\/index.php\/wp-json\/wp\/v2\/tags?post=251"}],"curies":[{"name":"wp","href":"https:\/\/api.w.org\/{rel}","templated":true}]}}