{"id":219,"date":"2023-10-12T06:50:56","date_gmt":"2023-10-12T06:50:56","guid":{"rendered":"https:\/\/www.predsjednikfbih.gov.ba\/?p=219"},"modified":"2023-10-12T06:50:58","modified_gmt":"2023-10-12T06:50:58","slug":"potvrdena-vlada-fbih","status":"publish","type":"post","link":"https:\/\/www.predsjednikfbih.gov.ba\/index.php\/2023\/10\/12\/potvrdena-vlada-fbih\/","title":{"rendered":"Potvr\u0111ena Vlada FBIH"},"content":{"rendered":"\n<p>Zastupni\u010dki dom Parlamenta Federacije BiH potvrdio je imenovanje novog saziva Vlade Federacije BiH, na izvanrednoj sjednici u Sarajevu odr\u017eanoj 28. travnja.<\/p>\n\n\n\n<p>Za imenovanje novih entitetskih ministara i predsjednika Vlade glasao je 51 zastupnik, dva su bila protiv, a jedan suzdr\u017ean.<\/p>\n\n\n\n<p>Entitetska vlada ima predsjednika i 16 ministara, koji su na sjednici Zastupni\u010dkog doma polo\u017eili sve\u010danu zakletvu.<\/p>\n\n\n\n<p>U novom sazivu bit \u0107e ministri iz Hrvatske demokratske zajednice (HDZ) BiH, Socijaldemokratske partije (SDP) BiH, HDZ-a 1990, Na\u0161e stranke i politi\u010dke partije Narod i Pravda.<\/p>\n\n\n\n<p>Na sjednici Zastupni\u010dkog doma obratila se i predsjednica Federacije BiH Lidija Bradara.<\/p>\n\n\n\n<p>- Ni\u0161ta u ovoj zemlji nije lako posti\u0107i, ali zato svaki dogovor daje nadu u bolju budu\u0107nost. Nikada se ovaj dom nije na\u0161ao u ovoj situaciji, no \u0161to je tu je. Nadam se da \u0107emo datu priliku iskoristiti. Svjesna sam pritiska koji ste pro\u0161li, ali ostanite dostojanstveni, poka\u017eimo da ne\u0107emo pristati na nasilje, kaos i neodgovornost. \u0160to se procedure ti\u010de odgovornost je ranije bila na meni, a sada je na vama \u2013 rekla je tom prilikom.<\/p>\n\n\n\n<p>Zamolila je da se da prilika novoj Vladi, ali da se zahvali i prethodnoj.<\/p>\n\n\n\n<p>- Zadatak je da se oja\u010da otpornost na izazove, jer se pokazalo koliko je izlo\u017een tome. Ne smijemo zaboraviti ni \u017eupanije, suradnju i koordinaciju s njima, pogotovo kada su u pitanju zajedni\u010dke nadle\u017enosti. Mislim da su predlo\u017eeni kandidati spremni i da \u0107e opravdati na\u0161e povjerenje.<\/p>\n","protected":false},"excerpt":{"rendered":"<p>Zastupni\u010dki dom Parlamenta Federacije BiH potvrdio je imenovanje novog saziva Vlade Federacije BiH, na izvanrednoj [&hellip;]<\/p>\n","protected":false},"author":1,"featured_media":220,"comment_status":"open","ping_status":"open","sticky":false,"template":"","format":"standard","meta":{"inline_featured_image":false,"footnotes":""},"categories":[6,8,7],"tags":[],"class_list":["post-219","post","type-post","status-publish","format-standard","has-post-thumbnail","hentry","category-govori","category-izjave","category-priopcenja"],"acf":[],"_links":{"self":[{"href":"https:\/\/www.predsjednikfbih.gov.ba\/index.php\/wp-json\/wp\/v2\/posts\/219","targetHints":{"allow":["GET"]}}],"collection":[{"href":"https:\/\/www.predsjednikfbih.gov.ba\/index.php\/wp-json\/wp\/v2\/posts"}],"about":[{"href":"https:\/\/www.predsjednikfbih.gov.ba\/index.php\/wp-json\/wp\/v2\/types\/post"}],"author":[{"embeddable":true,"href":"https:\/\/www.predsjednikfbih.gov.ba\/index.php\/wp-json\/wp\/v2\/users\/1"}],"replies":[{"embeddable":true,"href":"https:\/\/www.predsjednikfbih.gov.ba\/index.php\/wp-json\/wp\/v2\/comments?post=219"}],"version-history":[{"count":1,"href":"https:\/\/www.predsjednikfbih.gov.ba\/index.php\/wp-json\/wp\/v2\/posts\/219\/revisions"}],"predecessor-version":[{"id":221,"href":"https:\/\/www.predsjednikfbih.gov.ba\/index.php\/wp-json\/wp\/v2\/posts\/219\/revisions\/221"}],"wp:featuredmedia":[{"embeddable":true,"href":"https:\/\/www.predsjednikfbih.gov.ba\/index.php\/wp-json\/wp\/v2\/media\/220"}],"wp:attachment":[{"href":"https:\/\/www.predsjednikfbih.gov.ba\/index.php\/wp-json\/wp\/v2\/media?parent=219"}],"wp:term":[{"taxonomy":"category","embeddable":true,"href":"https:\/\/www.predsjednikfbih.gov.ba\/index.php\/wp-json\/wp\/v2\/categories?post=219"},{"taxonomy":"post_tag","embeddable":true,"href":"https:\/\/www.predsjednikfbih.gov.ba\/index.php\/wp-json\/wp\/v2\/tags?post=219"}],"curies":[{"name":"wp","href":"https:\/\/api.w.org\/{rel}","templated":true}]}}