{"id":197,"date":"2023-10-12T06:43:56","date_gmt":"2023-10-12T06:43:56","guid":{"rendered":"https:\/\/www.predsjednikfbih.gov.ba\/?p=197"},"modified":"2023-10-12T06:43:57","modified_gmt":"2023-10-12T06:43:57","slug":"predsjednica-federacije-bih-lidija-bradara-posjetila-stadlerov-djecji-egipat","status":"publish","type":"post","link":"https:\/\/www.predsjednikfbih.gov.ba\/index.php\/2023\/10\/12\/predsjednica-federacije-bih-lidija-bradara-posjetila-stadlerov-djecji-egipat\/","title":{"rendered":"Predsjednica Federacije BiH Lidija Bradara posjetila Stadlerov dje\u010dji \u201eEgipat\u201c"},"content":{"rendered":"\n<p>U \u010detvrtak, 6. travnja 2023. godine, u prijepodnevnim satima predsjednica Federacije BiH g\u0111a Lidija Bradara posjetila je sestre Slu\u017eavke Maloga Isusa u samostanu \u201eEgipat\u201c u Sarajevu i susrela se s djecom Stadlerovog dje\u010djeg \u201eEgipta\u201c, izvijestili su iz&nbsp;Provincije&nbsp;Bezgrje\u0161nog za\u010de\u0107a BDM.<\/p>\n\n\n\n<p>Na po\u010detku razgovora i dobrodo\u0161lice, provincijska je glavarica s. M. Ana Marija Kesten izrazila zadovoljstvo prigodom posjete Predsjednice Federacije BiH. Predstavila je djelatnost sestara u samostanu \u201eEgipat\u201c, te ju upoznala sa \u017eivotom djece Stadlerovog dje\u010djeg \u201eEgipta\u201c i s radom Pred\u0161kolske ustanove \"Dje\u010djeg vrti\u0107a Egipat\". Predsjednica Bradara pokazala je veliko zanimanje za rad sestara u ovoj ustanovi. Zahvalila je sestrama na doprinosu, te iskazala veliku spremnost u podr\u0161ci djelatnosti sestara.<\/p>\n\n\n\n<p>Susret je protekao u prijateljskom ozra\u010dju i razgovoru, te uz \u010destitanje Uskrsnih blagdana.&nbsp;<\/p>\n","protected":false},"excerpt":{"rendered":"<p>U \u010detvrtak, 6. travnja 2023. godine, u prijepodnevnim satima predsjednica Federacije BiH g\u0111a Lidija Bradara [&hellip;]<\/p>\n","protected":false},"author":1,"featured_media":198,"comment_status":"open","ping_status":"open","sticky":false,"template":"","format":"standard","meta":{"inline_featured_image":false,"footnotes":""},"categories":[3,4,7],"tags":[],"class_list":["post-197","post","type-post","status-publish","format-standard","has-post-thumbnail","hentry","category-novosti","category-objave","category-priopcenja"],"acf":[],"_links":{"self":[{"href":"https:\/\/www.predsjednikfbih.gov.ba\/index.php\/wp-json\/wp\/v2\/posts\/197","targetHints":{"allow":["GET"]}}],"collection":[{"href":"https:\/\/www.predsjednikfbih.gov.ba\/index.php\/wp-json\/wp\/v2\/posts"}],"about":[{"href":"https:\/\/www.predsjednikfbih.gov.ba\/index.php\/wp-json\/wp\/v2\/types\/post"}],"author":[{"embeddable":true,"href":"https:\/\/www.predsjednikfbih.gov.ba\/index.php\/wp-json\/wp\/v2\/users\/1"}],"replies":[{"embeddable":true,"href":"https:\/\/www.predsjednikfbih.gov.ba\/index.php\/wp-json\/wp\/v2\/comments?post=197"}],"version-history":[{"count":2,"href":"https:\/\/www.predsjednikfbih.gov.ba\/index.php\/wp-json\/wp\/v2\/posts\/197\/revisions"}],"predecessor-version":[{"id":200,"href":"https:\/\/www.predsjednikfbih.gov.ba\/index.php\/wp-json\/wp\/v2\/posts\/197\/revisions\/200"}],"wp:featuredmedia":[{"embeddable":true,"href":"https:\/\/www.predsjednikfbih.gov.ba\/index.php\/wp-json\/wp\/v2\/media\/198"}],"wp:attachment":[{"href":"https:\/\/www.predsjednikfbih.gov.ba\/index.php\/wp-json\/wp\/v2\/media?parent=197"}],"wp:term":[{"taxonomy":"category","embeddable":true,"href":"https:\/\/www.predsjednikfbih.gov.ba\/index.php\/wp-json\/wp\/v2\/categories?post=197"},{"taxonomy":"post_tag","embeddable":true,"href":"https:\/\/www.predsjednikfbih.gov.ba\/index.php\/wp-json\/wp\/v2\/tags?post=197"}],"curies":[{"name":"wp","href":"https:\/\/api.w.org\/{rel}","templated":true}]}}