{"id":176,"date":"2023-10-12T06:34:24","date_gmt":"2023-10-12T06:34:24","guid":{"rendered":"https:\/\/www.predsjednikfbih.gov.ba\/?p=176"},"modified":"2023-10-12T06:34:25","modified_gmt":"2023-10-12T06:34:25","slug":"medunarodni-kongres-kirurga-u-vitezu","status":"publish","type":"post","link":"https:\/\/www.predsjednikfbih.gov.ba\/index.php\/2023\/10\/12\/medunarodni-kongres-kirurga-u-vitezu\/","title":{"rendered":"Me\u0111unarodni kongres kirurga u Vitezu"},"content":{"rendered":"\n<p>Kongres kirurga s me\u0111unarodnim sudjelovanjem odr\u017ean ove godine u Vitezu u Fran\u0161iznom centru otvorila je predsjednica Federacije Lidija Bradara pozdraviv\u0161i sve nazo\u010dne lije\u010dnike a posebno goste iz drugih dr\u017eava me\u0111u kojima je i prof. dr. Dragan Primorac.<\/p>\n\n\n\n<p>Bradara je posebno pozdravila \u010dinjenicu da se jedan ovakav skup odr\u017eava u \u017dupaniji Sredi\u0161nja Bosna te iskazala veliko po\u0161tovanje prema ovoj nadasve zna\u010dajnoj profesiji.<\/p>\n\n\n\n<p>Rije\u010d je o petom izdanju kongresa koji organizira Udru\u017eenje kirurga Federacije BiH na \u010delu sa dr. Mariom Gu\u010daninom-Gazibari\u0107em, \u0161efom kirurgije u bolnici Dr. Mato Nikoli\u0107, Nova Bila.<\/p>\n\n\n\n<p>Skoro 200 kirurga iz Bosne i Hercegovine ali i drugih zemalja poput Hrvatske, Srbije, Slovenije, Makedonije, Kosova, Bosne i Hercegovine svojim je predavanjima i razmjenom iskustava poku\u0161alo pobolj\u0161ati kirurgiju u Federaciji BiH.<\/p>\n\n\n\n<p>Ovaj Kongres ujedno je i prvi ovakav doga\u0111aj koji se odvija na podru\u010dju Sredi\u0161nje Bosne a organizaciju istog pomogle su sve razine vlasti, od dr\u017eavne do op\u0107inskih.<\/p>\n\n\n\n<p>Me\u0111u skoro 200 eminentnih stru\u010dnjaka bili su i specijalisti abdominalne, dje\u010dje, torakalne, vaskularne, plasti\u010dno-rekonstruktivne hirurgije\/kirurgije,<br>gastroenterologije i ortopedije.<\/p>\n","protected":false},"excerpt":{"rendered":"<p>Kongres kirurga s me\u0111unarodnim sudjelovanjem odr\u017ean ove godine u Vitezu u Fran\u0161iznom centru otvorila je [&hellip;]<\/p>\n","protected":false},"author":1,"featured_media":177,"comment_status":"open","ping_status":"open","sticky":false,"template":"","format":"standard","meta":{"inline_featured_image":false,"footnotes":""},"categories":[6,4,7],"tags":[],"class_list":["post-176","post","type-post","status-publish","format-standard","has-post-thumbnail","hentry","category-govori","category-objave","category-priopcenja"],"acf":[],"_links":{"self":[{"href":"https:\/\/www.predsjednikfbih.gov.ba\/index.php\/wp-json\/wp\/v2\/posts\/176","targetHints":{"allow":["GET"]}}],"collection":[{"href":"https:\/\/www.predsjednikfbih.gov.ba\/index.php\/wp-json\/wp\/v2\/posts"}],"about":[{"href":"https:\/\/www.predsjednikfbih.gov.ba\/index.php\/wp-json\/wp\/v2\/types\/post"}],"author":[{"embeddable":true,"href":"https:\/\/www.predsjednikfbih.gov.ba\/index.php\/wp-json\/wp\/v2\/users\/1"}],"replies":[{"embeddable":true,"href":"https:\/\/www.predsjednikfbih.gov.ba\/index.php\/wp-json\/wp\/v2\/comments?post=176"}],"version-history":[{"count":2,"href":"https:\/\/www.predsjednikfbih.gov.ba\/index.php\/wp-json\/wp\/v2\/posts\/176\/revisions"}],"predecessor-version":[{"id":179,"href":"https:\/\/www.predsjednikfbih.gov.ba\/index.php\/wp-json\/wp\/v2\/posts\/176\/revisions\/179"}],"wp:featuredmedia":[{"embeddable":true,"href":"https:\/\/www.predsjednikfbih.gov.ba\/index.php\/wp-json\/wp\/v2\/media\/177"}],"wp:attachment":[{"href":"https:\/\/www.predsjednikfbih.gov.ba\/index.php\/wp-json\/wp\/v2\/media?parent=176"}],"wp:term":[{"taxonomy":"category","embeddable":true,"href":"https:\/\/www.predsjednikfbih.gov.ba\/index.php\/wp-json\/wp\/v2\/categories?post=176"},{"taxonomy":"post_tag","embeddable":true,"href":"https:\/\/www.predsjednikfbih.gov.ba\/index.php\/wp-json\/wp\/v2\/tags?post=176"}],"curies":[{"name":"wp","href":"https:\/\/api.w.org\/{rel}","templated":true}]}}