{"id":172,"date":"2023-10-12T06:32:58","date_gmt":"2023-10-12T06:32:58","guid":{"rendered":"https:\/\/www.predsjednikfbih.gov.ba\/?p=172"},"modified":"2023-10-12T06:32:59","modified_gmt":"2023-10-12T06:32:59","slug":"ulaganje-u-obrazovanje-je-investicija","status":"publish","type":"post","link":"https:\/\/www.predsjednikfbih.gov.ba\/index.php\/2023\/10\/12\/ulaganje-u-obrazovanje-je-investicija\/","title":{"rendered":"Ulaganje u obrazovanje je investicija"},"content":{"rendered":"\n<p>Udruga matemati\u010dara \u201eRu\u0111er Bo\u0161kovi\u0107\u201c na \u010delu sa Marinkom Antunovi\u0107em je i ove godine odr\u017eala natjecanje iz matematike za u\u010denike srednjih \u0161kola koje rade po hrvatskom nastavnom planu i programu na razini Federacije.<\/p>\n\n\n\n<p>Institucija predsjednika Federacije je podr\u017eala projekt koji je ove godine odr\u017ean u Visoko, u Franjeva\u010dkoj gimnaziji.<br>Predsjednica Bradara je otvorila manifestaciju kazav\u0161i kako je ulaganje u obrazovanje uvijek investicija a ovakvi projekti su va\u017eni kako za promociju i potvr\u0111ivanje znanja tako i za \u0161irenje socijalnih mre\u017ea u\u010denika.<\/p>\n\n\n\n<p>Na natjecanju su sudjelovala 173 u\u010denika iz 26 \u0161kola, koji su do\u0161li u pratnji 36 profesora a na sve\u010danosti otvorenja ih je pozdravio i ravnatelj \u0161kole doma\u0107ina fra Stipo Aland\u017eak.<\/p>\n","protected":false},"excerpt":{"rendered":"<p>Udruga matemati\u010dara \u201eRu\u0111er Bo\u0161kovi\u0107\u201c na \u010delu sa Marinkom Antunovi\u0107em je i ove godine odr\u017eala natjecanje [&hellip;]<\/p>\n","protected":false},"author":1,"featured_media":173,"comment_status":"open","ping_status":"open","sticky":false,"template":"","format":"standard","meta":{"inline_featured_image":false,"footnotes":""},"categories":[4,7],"tags":[],"class_list":["post-172","post","type-post","status-publish","format-standard","has-post-thumbnail","hentry","category-objave","category-priopcenja"],"acf":[],"_links":{"self":[{"href":"https:\/\/www.predsjednikfbih.gov.ba\/index.php\/wp-json\/wp\/v2\/posts\/172","targetHints":{"allow":["GET"]}}],"collection":[{"href":"https:\/\/www.predsjednikfbih.gov.ba\/index.php\/wp-json\/wp\/v2\/posts"}],"about":[{"href":"https:\/\/www.predsjednikfbih.gov.ba\/index.php\/wp-json\/wp\/v2\/types\/post"}],"author":[{"embeddable":true,"href":"https:\/\/www.predsjednikfbih.gov.ba\/index.php\/wp-json\/wp\/v2\/users\/1"}],"replies":[{"embeddable":true,"href":"https:\/\/www.predsjednikfbih.gov.ba\/index.php\/wp-json\/wp\/v2\/comments?post=172"}],"version-history":[{"count":2,"href":"https:\/\/www.predsjednikfbih.gov.ba\/index.php\/wp-json\/wp\/v2\/posts\/172\/revisions"}],"predecessor-version":[{"id":175,"href":"https:\/\/www.predsjednikfbih.gov.ba\/index.php\/wp-json\/wp\/v2\/posts\/172\/revisions\/175"}],"wp:featuredmedia":[{"embeddable":true,"href":"https:\/\/www.predsjednikfbih.gov.ba\/index.php\/wp-json\/wp\/v2\/media\/173"}],"wp:attachment":[{"href":"https:\/\/www.predsjednikfbih.gov.ba\/index.php\/wp-json\/wp\/v2\/media?parent=172"}],"wp:term":[{"taxonomy":"category","embeddable":true,"href":"https:\/\/www.predsjednikfbih.gov.ba\/index.php\/wp-json\/wp\/v2\/categories?post=172"},{"taxonomy":"post_tag","embeddable":true,"href":"https:\/\/www.predsjednikfbih.gov.ba\/index.php\/wp-json\/wp\/v2\/tags?post=172"}],"curies":[{"name":"wp","href":"https:\/\/api.w.org\/{rel}","templated":true}]}}