{"id":151,"date":"2023-10-12T06:23:11","date_gmt":"2023-10-12T06:23:11","guid":{"rendered":"https:\/\/www.predsjednikfbih.gov.ba\/?p=151"},"modified":"2023-10-12T06:23:11","modified_gmt":"2023-10-12T06:23:11","slug":"uprilicena-primopredaja-duznosti-predsjednika-federacije-bih","status":"publish","type":"post","link":"https:\/\/www.predsjednikfbih.gov.ba\/index.php\/2023\/10\/12\/uprilicena-primopredaja-duznosti-predsjednika-federacije-bih\/","title":{"rendered":"Uprili\u010dena primopredaja du\u017enosti Predsjednika Federacije BiH"},"content":{"rendered":"\n<p>Dana 7. o\u017eujka 2023. godine u Uredu Predsjednika Federacije BiH u Sarajevu uprili\u010dena je primopredaja du\u017enosti Predsjednika Federacije BiH izme\u0111u Marinka \u010cavare i Lidije Bradara, dosada\u0161njeg i novoizabrane Predsjednice Federacije BiH.<\/p>\n","protected":false},"excerpt":{"rendered":"<p>Dana 7. o\u017eujka 2023. godine u Uredu Predsjednika Federacije BiH u Sarajevu uprili\u010dena je primopredaja [&hellip;]<\/p>\n","protected":false},"author":1,"featured_media":152,"comment_status":"open","ping_status":"open","sticky":false,"template":"","format":"standard","meta":{"inline_featured_image":false,"footnotes":""},"categories":[7,1],"tags":[],"class_list":["post-151","post","type-post","status-publish","format-standard","has-post-thumbnail","hentry","category-priopcenja","category-uncategorized"],"acf":[],"_links":{"self":[{"href":"https:\/\/www.predsjednikfbih.gov.ba\/index.php\/wp-json\/wp\/v2\/posts\/151","targetHints":{"allow":["GET"]}}],"collection":[{"href":"https:\/\/www.predsjednikfbih.gov.ba\/index.php\/wp-json\/wp\/v2\/posts"}],"about":[{"href":"https:\/\/www.predsjednikfbih.gov.ba\/index.php\/wp-json\/wp\/v2\/types\/post"}],"author":[{"embeddable":true,"href":"https:\/\/www.predsjednikfbih.gov.ba\/index.php\/wp-json\/wp\/v2\/users\/1"}],"replies":[{"embeddable":true,"href":"https:\/\/www.predsjednikfbih.gov.ba\/index.php\/wp-json\/wp\/v2\/comments?post=151"}],"version-history":[{"count":2,"href":"https:\/\/www.predsjednikfbih.gov.ba\/index.php\/wp-json\/wp\/v2\/posts\/151\/revisions"}],"predecessor-version":[{"id":154,"href":"https:\/\/www.predsjednikfbih.gov.ba\/index.php\/wp-json\/wp\/v2\/posts\/151\/revisions\/154"}],"wp:featuredmedia":[{"embeddable":true,"href":"https:\/\/www.predsjednikfbih.gov.ba\/index.php\/wp-json\/wp\/v2\/media\/152"}],"wp:attachment":[{"href":"https:\/\/www.predsjednikfbih.gov.ba\/index.php\/wp-json\/wp\/v2\/media?parent=151"}],"wp:term":[{"taxonomy":"category","embeddable":true,"href":"https:\/\/www.predsjednikfbih.gov.ba\/index.php\/wp-json\/wp\/v2\/categories?post=151"},{"taxonomy":"post_tag","embeddable":true,"href":"https:\/\/www.predsjednikfbih.gov.ba\/index.php\/wp-json\/wp\/v2\/tags?post=151"}],"curies":[{"name":"wp","href":"https:\/\/api.w.org\/{rel}","templated":true}]}}