{"id":1493,"date":"2024-09-10T15:37:51","date_gmt":"2024-09-10T15:37:51","guid":{"rendered":"https:\/\/www.predsjednikfbih.gov.ba\/?p=1493"},"modified":"2024-09-10T15:37:51","modified_gmt":"2024-09-10T15:37:51","slug":"nastupna-posjeta-nove-veleposlanice-ceske-republike-predsjednici-bradara","status":"publish","type":"post","link":"https:\/\/www.predsjednikfbih.gov.ba\/index.php\/2024\/09\/10\/nastupna-posjeta-nove-veleposlanice-ceske-republike-predsjednici-bradara\/","title":{"rendered":"Nastupna posjeta nove veleposlanice \u010ce\u0161ke Republike predsjednici Bradara"},"content":{"rendered":"<h3><span style=\"-webkit-text-size-adjust: 100%;\">Predsjednica Federacije BiH Lidija Bradara danas je u svom uredu primila veleposlanicu \u010ce\u0161ke Republike, Janu K. Loli\u0107 \u0160indelkovou, u okviru njenog nastupnog posjeta. Tijekom razgovora, istaknuti su tradicionalno dobri i prijateljski odnosi izme\u0111u Bosne i Hercegovine i \u010ce\u0161ke Republike, bez otvorenih pitanja koja bi optere\u0107ivala me\u0111usobne odnose.<\/span><\/h3>\n<p>Veleposlanica Loli\u0107 \u0160indelkova zahvalila je na toplom prijemu te potvrdila spremnost \u010ce\u0161ke Republike da nastavi pru\u017eati podr\u0161ku Bosni i Hercegovini na njenom europskom i euroatlantskom putu. Razgovaralo se i o aktualnim politi\u010dkim izazovima u BiH, pri \u010demu je predsjednica Bradara zahvalila na dosada\u0161njoj gospodarskoj pomo\u0107i i podr\u0161ci europskim integracijama.<\/p>\n<p>Poseban naglasak stavljen je na projekte usmjerene na pobolj\u0161anje natalitetnih politika, aktiviranje radne snage i pru\u017eanje pomo\u0107i \u017eenama, pri \u010demu je \u010ce\u0161ka Republika izrazila spremnost za daljnju podr\u0161ku. Predsjednica Bradara istaknula je va\u017enost zajedni\u010dkog djelovanja na projektima usmjerenim na unaprje\u0111enje \u017eivotnih uvjeta.<\/p>\n<p>Zaklju\u010dno, obje strane izrazile su \u017eelju za produbljivanjem odnosa i nastavkom suradnje na projektima koji \u0107e unaprijediti \u017eivotne uvjete gra\u0111ana Bosne i Hercegovine i \u010ce\u0161ke Republike.<\/p>\n<p>&nbsp;<\/p>\n","protected":false},"excerpt":{"rendered":"<p>Predsjednica Federacije BiH Lidija Bradara danas je u svom uredu primila veleposlanicu \u010ce\u0161ke Republike, Janu [&hellip;]<\/p>\n","protected":false},"author":1,"featured_media":1494,"comment_status":"open","ping_status":"open","sticky":false,"template":"","format":"standard","meta":{"inline_featured_image":false,"footnotes":""},"categories":[3,4,7],"tags":[],"class_list":["post-1493","post","type-post","status-publish","format-standard","has-post-thumbnail","hentry","category-novosti","category-objave","category-priopcenja"],"acf":[],"_links":{"self":[{"href":"https:\/\/www.predsjednikfbih.gov.ba\/index.php\/wp-json\/wp\/v2\/posts\/1493","targetHints":{"allow":["GET"]}}],"collection":[{"href":"https:\/\/www.predsjednikfbih.gov.ba\/index.php\/wp-json\/wp\/v2\/posts"}],"about":[{"href":"https:\/\/www.predsjednikfbih.gov.ba\/index.php\/wp-json\/wp\/v2\/types\/post"}],"author":[{"embeddable":true,"href":"https:\/\/www.predsjednikfbih.gov.ba\/index.php\/wp-json\/wp\/v2\/users\/1"}],"replies":[{"embeddable":true,"href":"https:\/\/www.predsjednikfbih.gov.ba\/index.php\/wp-json\/wp\/v2\/comments?post=1493"}],"version-history":[{"count":1,"href":"https:\/\/www.predsjednikfbih.gov.ba\/index.php\/wp-json\/wp\/v2\/posts\/1493\/revisions"}],"predecessor-version":[{"id":1495,"href":"https:\/\/www.predsjednikfbih.gov.ba\/index.php\/wp-json\/wp\/v2\/posts\/1493\/revisions\/1495"}],"wp:featuredmedia":[{"embeddable":true,"href":"https:\/\/www.predsjednikfbih.gov.ba\/index.php\/wp-json\/wp\/v2\/media\/1494"}],"wp:attachment":[{"href":"https:\/\/www.predsjednikfbih.gov.ba\/index.php\/wp-json\/wp\/v2\/media?parent=1493"}],"wp:term":[{"taxonomy":"category","embeddable":true,"href":"https:\/\/www.predsjednikfbih.gov.ba\/index.php\/wp-json\/wp\/v2\/categories?post=1493"},{"taxonomy":"post_tag","embeddable":true,"href":"https:\/\/www.predsjednikfbih.gov.ba\/index.php\/wp-json\/wp\/v2\/tags?post=1493"}],"curies":[{"name":"wp","href":"https:\/\/api.w.org\/{rel}","templated":true}]}}