{"id":147,"date":"2023-10-11T12:16:54","date_gmt":"2023-10-11T12:16:54","guid":{"rendered":"https:\/\/www.predsjednikfbih.gov.ba\/?p=147"},"modified":"2023-10-11T12:16:55","modified_gmt":"2023-10-11T12:16:55","slug":"energetika-izvor-konkurentnosti","status":"publish","type":"post","link":"https:\/\/www.predsjednikfbih.gov.ba\/index.php\/2023\/10\/11\/energetika-izvor-konkurentnosti\/","title":{"rendered":"\u201eEnergetika - izvor konkurentnosti\u201c"},"content":{"rendered":"\n<p><span class=\"field-content\"><span class=\"vijesti-detaljno-sadrzaj\"> <p> Prva ovogodi\u0161nja stru\u010dna konferencija udruge bosanskohercegova\u010dkih  Hrvata Prsten odr\u017eana je u Vitezu. Rije\u010d je o kvartalnim, gospodarskim  konferencijama \u00a0a za temu je ovoga puta izabrana energetika, to\u010dnije  energetika kao izvor konkurentnosti.<\/p> <p>Stru\u010dnoj konferenciji nazo\u010dili su brojni gospodarstvenici, ali i  du\u017enosnici HDZ-a BiH i Hrvatskog narodnog sabora BiH izvr\u0161ne i  zakonodavne vlasti svih razina vlasti u BiH, a konferenciju je na  po\u010detku otvorio i sve nazo\u010dne pozdravio predsjednik dr. Dragan \u010covi\u0107 pod  \u010dijim pokroviteljstvom je konferencija i odr\u017eana.<\/p> <\/span><\/span><\/p>\n","protected":false},"excerpt":{"rendered":"<p>Prva ovogodi\u0161nja stru\u010dna konferencija udruge bosanskohercegova\u010dkih Hrvata Prsten odr\u017eana je u Vitezu. Rije\u010d je o [&hellip;]<\/p>\n","protected":false},"author":1,"featured_media":148,"comment_status":"open","ping_status":"open","sticky":false,"template":"","format":"standard","meta":{"inline_featured_image":false,"footnotes":""},"categories":[4],"tags":[],"class_list":["post-147","post","type-post","status-publish","format-standard","has-post-thumbnail","hentry","category-objave"],"acf":[],"_links":{"self":[{"href":"https:\/\/www.predsjednikfbih.gov.ba\/index.php\/wp-json\/wp\/v2\/posts\/147","targetHints":{"allow":["GET"]}}],"collection":[{"href":"https:\/\/www.predsjednikfbih.gov.ba\/index.php\/wp-json\/wp\/v2\/posts"}],"about":[{"href":"https:\/\/www.predsjednikfbih.gov.ba\/index.php\/wp-json\/wp\/v2\/types\/post"}],"author":[{"embeddable":true,"href":"https:\/\/www.predsjednikfbih.gov.ba\/index.php\/wp-json\/wp\/v2\/users\/1"}],"replies":[{"embeddable":true,"href":"https:\/\/www.predsjednikfbih.gov.ba\/index.php\/wp-json\/wp\/v2\/comments?post=147"}],"version-history":[{"count":2,"href":"https:\/\/www.predsjednikfbih.gov.ba\/index.php\/wp-json\/wp\/v2\/posts\/147\/revisions"}],"predecessor-version":[{"id":150,"href":"https:\/\/www.predsjednikfbih.gov.ba\/index.php\/wp-json\/wp\/v2\/posts\/147\/revisions\/150"}],"wp:featuredmedia":[{"embeddable":true,"href":"https:\/\/www.predsjednikfbih.gov.ba\/index.php\/wp-json\/wp\/v2\/media\/148"}],"wp:attachment":[{"href":"https:\/\/www.predsjednikfbih.gov.ba\/index.php\/wp-json\/wp\/v2\/media?parent=147"}],"wp:term":[{"taxonomy":"category","embeddable":true,"href":"https:\/\/www.predsjednikfbih.gov.ba\/index.php\/wp-json\/wp\/v2\/categories?post=147"},{"taxonomy":"post_tag","embeddable":true,"href":"https:\/\/www.predsjednikfbih.gov.ba\/index.php\/wp-json\/wp\/v2\/tags?post=147"}],"curies":[{"name":"wp","href":"https:\/\/api.w.org\/{rel}","templated":true}]}}