{"id":1310,"date":"2024-08-07T10:51:28","date_gmt":"2024-08-07T10:51:28","guid":{"rendered":"https:\/\/www.predsjednikfbih.gov.ba\/?p=1310"},"modified":"2024-08-07T10:51:28","modified_gmt":"2024-08-07T10:51:28","slug":"cestitka-povodom-dana-opcine-posusje-dana-grada-sirokog-brijega-i-blagdana-velike-gospe","status":"publish","type":"post","link":"https:\/\/www.predsjednikfbih.gov.ba\/index.php\/2024\/08\/07\/cestitka-povodom-dana-opcine-posusje-dana-grada-sirokog-brijega-i-blagdana-velike-gospe\/","title":{"rendered":"\u010cestitka povodom Dana op\u0107ine Posu\u0161je, Dana grada \u0160irokog Brijega i blagdana Velike Gospe"},"content":{"rendered":"<h4>U povodu Dana op\u0107ine Posu\u0161je, Dana grada \u0160irokog Brijega i blagdana Velike Gospe, predsjednica Federacije Bosne i Hercegovine, Lidija Bradara, uputila je \u010destitku lokalnim \u010delnicima i stanovnicima ovih zajednica.<\/h4>\n<p><img decoding=\"async\" class=\"alignnone size-large wp-image-1311\" src=\"https:\/\/www.predsjednikfbih.gov.ba\/wp-content\/uploads\/2024\/08\/Cestitka-Posusje-718x1024.jpg\" alt=\"\" width=\"718\" height=\"1024\" srcset=\"https:\/\/www.predsjednikfbih.gov.ba\/wp-content\/uploads\/2024\/08\/Cestitka-Posusje-718x1024.jpg 718w, https:\/\/www.predsjednikfbih.gov.ba\/wp-content\/uploads\/2024\/08\/Cestitka-Posusje-210x300.jpg 210w, https:\/\/www.predsjednikfbih.gov.ba\/wp-content\/uploads\/2024\/08\/Cestitka-Posusje-768x1095.jpg 768w, https:\/\/www.predsjednikfbih.gov.ba\/wp-content\/uploads\/2024\/08\/Cestitka-Posusje-1078x1536.jpg 1078w, https:\/\/www.predsjednikfbih.gov.ba\/wp-content\/uploads\/2024\/08\/Cestitka-Posusje.jpg 1232w\" sizes=\"(max-width: 718px) 100vw, 718px\" \/> <img decoding=\"async\" class=\"alignnone size-large wp-image-1312\" src=\"https:\/\/www.predsjednikfbih.gov.ba\/wp-content\/uploads\/2024\/08\/Cestitka-Siroki-Brijeg-705x1024.jpg\" alt=\"\" width=\"705\" height=\"1024\" srcset=\"https:\/\/www.predsjednikfbih.gov.ba\/wp-content\/uploads\/2024\/08\/Cestitka-Siroki-Brijeg-705x1024.jpg 705w, https:\/\/www.predsjednikfbih.gov.ba\/wp-content\/uploads\/2024\/08\/Cestitka-Siroki-Brijeg-207x300.jpg 207w, https:\/\/www.predsjednikfbih.gov.ba\/wp-content\/uploads\/2024\/08\/Cestitka-Siroki-Brijeg-768x1115.jpg 768w, https:\/\/www.predsjednikfbih.gov.ba\/wp-content\/uploads\/2024\/08\/Cestitka-Siroki-Brijeg-1058x1536.jpg 1058w, https:\/\/www.predsjednikfbih.gov.ba\/wp-content\/uploads\/2024\/08\/Cestitka-Siroki-Brijeg.jpg 1132w\" sizes=\"(max-width: 705px) 100vw, 705px\" \/><\/p>\n","protected":false},"excerpt":{"rendered":"<p>U povodu Dana op\u0107ine Posu\u0161je, Dana grada \u0160irokog Brijega i blagdana Velike Gospe, predsjednica Federacije [&hellip;]<\/p>\n","protected":false},"author":1,"featured_media":1313,"comment_status":"open","ping_status":"open","sticky":false,"template":"","format":"standard","meta":{"inline_featured_image":false,"footnotes":""},"categories":[3,4,7],"tags":[],"class_list":["post-1310","post","type-post","status-publish","format-standard","has-post-thumbnail","hentry","category-novosti","category-objave","category-priopcenja"],"acf":[],"_links":{"self":[{"href":"https:\/\/www.predsjednikfbih.gov.ba\/index.php\/wp-json\/wp\/v2\/posts\/1310","targetHints":{"allow":["GET"]}}],"collection":[{"href":"https:\/\/www.predsjednikfbih.gov.ba\/index.php\/wp-json\/wp\/v2\/posts"}],"about":[{"href":"https:\/\/www.predsjednikfbih.gov.ba\/index.php\/wp-json\/wp\/v2\/types\/post"}],"author":[{"embeddable":true,"href":"https:\/\/www.predsjednikfbih.gov.ba\/index.php\/wp-json\/wp\/v2\/users\/1"}],"replies":[{"embeddable":true,"href":"https:\/\/www.predsjednikfbih.gov.ba\/index.php\/wp-json\/wp\/v2\/comments?post=1310"}],"version-history":[{"count":1,"href":"https:\/\/www.predsjednikfbih.gov.ba\/index.php\/wp-json\/wp\/v2\/posts\/1310\/revisions"}],"predecessor-version":[{"id":1314,"href":"https:\/\/www.predsjednikfbih.gov.ba\/index.php\/wp-json\/wp\/v2\/posts\/1310\/revisions\/1314"}],"wp:featuredmedia":[{"embeddable":true,"href":"https:\/\/www.predsjednikfbih.gov.ba\/index.php\/wp-json\/wp\/v2\/media\/1313"}],"wp:attachment":[{"href":"https:\/\/www.predsjednikfbih.gov.ba\/index.php\/wp-json\/wp\/v2\/media?parent=1310"}],"wp:term":[{"taxonomy":"category","embeddable":true,"href":"https:\/\/www.predsjednikfbih.gov.ba\/index.php\/wp-json\/wp\/v2\/categories?post=1310"},{"taxonomy":"post_tag","embeddable":true,"href":"https:\/\/www.predsjednikfbih.gov.ba\/index.php\/wp-json\/wp\/v2\/tags?post=1310"}],"curies":[{"name":"wp","href":"https:\/\/api.w.org\/{rel}","templated":true}]}}