{"id":1136,"date":"2024-06-12T11:26:42","date_gmt":"2024-06-12T11:26:42","guid":{"rendered":"https:\/\/www.predsjednikfbih.gov.ba\/?p=1136"},"modified":"2024-06-12T11:26:42","modified_gmt":"2024-06-12T11:26:42","slug":"31-obljetnica-bitke-za-pjescaru","status":"publish","type":"post","link":"https:\/\/www.predsjednikfbih.gov.ba\/index.php\/2024\/06\/12\/31-obljetnica-bitke-za-pjescaru\/","title":{"rendered":"31. obljetnica bitke za Pje\u0161\u010daru"},"content":{"rendered":"<h4>31. obljetnica bitke za Pje\u0161\u010daru, jedne od klju\u010dnih bitaka u Sredi\u0161njoj Bosni, u kojoj je \u017eivote izgubilo 68 pripadnika Hrvatskog vije\u0107a obrane (HVO), obilje\u017eena je danas u Travniku.<\/h4>\n<p>U sklopu obilje\u017eavanja, odr\u017eano je polaganje vijenaca i paljenje svije\u0107a na spomen-obilje\u017eju. Obilje\u017eavanju su prisustvovali brojni biv\u0161i pripadnici HVO-a, predstavnici braniteljskih udruga, kao i zna\u010dajni gosti iz politi\u010dkog i vojnog vrha.<\/p>\n<p>Izaslanstvo HDZ-a BiH predvodila je Lidija Bradara, predsjednica Federacije BiH. U izaslanstvu je bio i Bojan Domi\u0107, ministar obrazovanja, znanosti, mladih, kulture i sporta \u017dSB, te Vlatka Luki\u0107, predsjedateljica Op\u0107inskog vije\u0107a Travnik.<\/p>\n<p>Misno slavlje predvodio je fra Zdenko Frlji\u0107, uz koncelebraciju s fra Davorom Petrovi\u0107em, gvardijanom samostana u Gu\u010doj Gori, i fra Velimirom Valjanom.<\/p>\n<p>Naime, samo tog 12 lipnja 1993. godine, nakon \u0161to su 8. lipnja nadmo\u0107ne snage Armije BiH iznenada napale postrojbe HVO-a i hrvatska naselja u op\u0107ini Travnik, protjerali Hrvate s tih podru\u010dja, dotada svoje ratne saveznike u borbi protiv JNA i srpskih paravojnih snaga, na ovoj koti, koja je tijekom dana\u00a0 u vi\u0161e navrata padala u ruke bo\u0161nja\u010dkih snaga, poginula su 22\u00a0 bojovnika, a vi\u0161e desetaka ih je ranjeno.<\/p>\n<p>U obrani tog vrlo va\u017enog strate\u0161kog polo\u017eaja tijekom rata poginulo je ukupno 68 pripadnika HVO-a, a vi\u0161e od stotinu ih je lak\u0161e i te\u017ee ranjeno. No, kota Hra\u0161\u010de je obranjena, a time i Nova Bila i hrvatska enklava La\u0161vanska dolina, 316 dana od daleko brojnijih snaga Armije BiH opkoljena i\u00a0neprekidno napadana.<\/p>\n<p><img decoding=\"async\" class=\"alignnone size-large wp-image-1137\" src=\"https:\/\/www.predsjednikfbih.gov.ba\/wp-content\/uploads\/2024\/06\/DSC07174-1024x683.jpeg\" alt=\"\" width=\"1024\" height=\"683\" srcset=\"https:\/\/www.predsjednikfbih.gov.ba\/wp-content\/uploads\/2024\/06\/DSC07174-1024x683.jpeg 1024w, https:\/\/www.predsjednikfbih.gov.ba\/wp-content\/uploads\/2024\/06\/DSC07174-300x200.jpeg 300w, https:\/\/www.predsjednikfbih.gov.ba\/wp-content\/uploads\/2024\/06\/DSC07174-768x512.jpeg 768w, https:\/\/www.predsjednikfbih.gov.ba\/wp-content\/uploads\/2024\/06\/DSC07174-1536x1024.jpeg 1536w, https:\/\/www.predsjednikfbih.gov.ba\/wp-content\/uploads\/2024\/06\/DSC07174.jpeg 1920w\" sizes=\"(max-width: 1024px) 100vw, 1024px\" \/> <img decoding=\"async\" class=\"alignnone size-large wp-image-1143\" src=\"https:\/\/www.predsjednikfbih.gov.ba\/wp-content\/uploads\/2024\/06\/DSC07326-1024x683.jpeg\" alt=\"\" width=\"1024\" height=\"683\" srcset=\"https:\/\/www.predsjednikfbih.gov.ba\/wp-content\/uploads\/2024\/06\/DSC07326-1024x683.jpeg 1024w, https:\/\/www.predsjednikfbih.gov.ba\/wp-content\/uploads\/2024\/06\/DSC07326-300x200.jpeg 300w, https:\/\/www.predsjednikfbih.gov.ba\/wp-content\/uploads\/2024\/06\/DSC07326-768x512.jpeg 768w, https:\/\/www.predsjednikfbih.gov.ba\/wp-content\/uploads\/2024\/06\/DSC07326-1536x1024.jpeg 1536w, https:\/\/www.predsjednikfbih.gov.ba\/wp-content\/uploads\/2024\/06\/DSC07326.jpeg 1920w\" sizes=\"(max-width: 1024px) 100vw, 1024px\" \/> <img decoding=\"async\" class=\"alignnone size-large wp-image-1142\" src=\"https:\/\/www.predsjednikfbih.gov.ba\/wp-content\/uploads\/2024\/06\/DSC07286-1024x683.jpeg\" alt=\"\" width=\"1024\" height=\"683\" srcset=\"https:\/\/www.predsjednikfbih.gov.ba\/wp-content\/uploads\/2024\/06\/DSC07286-1024x683.jpeg 1024w, https:\/\/www.predsjednikfbih.gov.ba\/wp-content\/uploads\/2024\/06\/DSC07286-300x200.jpeg 300w, https:\/\/www.predsjednikfbih.gov.ba\/wp-content\/uploads\/2024\/06\/DSC07286-768x512.jpeg 768w, https:\/\/www.predsjednikfbih.gov.ba\/wp-content\/uploads\/2024\/06\/DSC07286-1536x1024.jpeg 1536w, https:\/\/www.predsjednikfbih.gov.ba\/wp-content\/uploads\/2024\/06\/DSC07286.jpeg 1920w\" sizes=\"(max-width: 1024px) 100vw, 1024px\" \/> <img decoding=\"async\" class=\"alignnone size-large wp-image-1138\" src=\"https:\/\/www.predsjednikfbih.gov.ba\/wp-content\/uploads\/2024\/06\/DSC07218-1024x683.jpeg\" alt=\"\" width=\"1024\" height=\"683\" srcset=\"https:\/\/www.predsjednikfbih.gov.ba\/wp-content\/uploads\/2024\/06\/DSC07218-1024x683.jpeg 1024w, https:\/\/www.predsjednikfbih.gov.ba\/wp-content\/uploads\/2024\/06\/DSC07218-300x200.jpeg 300w, https:\/\/www.predsjednikfbih.gov.ba\/wp-content\/uploads\/2024\/06\/DSC07218-768x512.jpeg 768w, https:\/\/www.predsjednikfbih.gov.ba\/wp-content\/uploads\/2024\/06\/DSC07218-1536x1024.jpeg 1536w, https:\/\/www.predsjednikfbih.gov.ba\/wp-content\/uploads\/2024\/06\/DSC07218.jpeg 1920w\" sizes=\"(max-width: 1024px) 100vw, 1024px\" \/> <img decoding=\"async\" class=\"alignnone size-large wp-image-1141\" src=\"https:\/\/www.predsjednikfbih.gov.ba\/wp-content\/uploads\/2024\/06\/DSC07260-1024x703.jpeg\" alt=\"\" width=\"1024\" height=\"703\" srcset=\"https:\/\/www.predsjednikfbih.gov.ba\/wp-content\/uploads\/2024\/06\/DSC07260-1024x703.jpeg 1024w, https:\/\/www.predsjednikfbih.gov.ba\/wp-content\/uploads\/2024\/06\/DSC07260-300x206.jpeg 300w, https:\/\/www.predsjednikfbih.gov.ba\/wp-content\/uploads\/2024\/06\/DSC07260-768x528.jpeg 768w, https:\/\/www.predsjednikfbih.gov.ba\/wp-content\/uploads\/2024\/06\/DSC07260-1536x1055.jpeg 1536w, https:\/\/www.predsjednikfbih.gov.ba\/wp-content\/uploads\/2024\/06\/DSC07260.jpeg 1920w\" sizes=\"(max-width: 1024px) 100vw, 1024px\" \/> <img decoding=\"async\" class=\"alignnone size-large wp-image-1139\" src=\"https:\/\/www.predsjednikfbih.gov.ba\/wp-content\/uploads\/2024\/06\/DSC07200-1024x683.jpeg\" alt=\"\" width=\"1024\" height=\"683\" srcset=\"https:\/\/www.predsjednikfbih.gov.ba\/wp-content\/uploads\/2024\/06\/DSC07200-1024x683.jpeg 1024w, https:\/\/www.predsjednikfbih.gov.ba\/wp-content\/uploads\/2024\/06\/DSC07200-300x200.jpeg 300w, https:\/\/www.predsjednikfbih.gov.ba\/wp-content\/uploads\/2024\/06\/DSC07200-768x512.jpeg 768w, https:\/\/www.predsjednikfbih.gov.ba\/wp-content\/uploads\/2024\/06\/DSC07200-1536x1024.jpeg 1536w, https:\/\/www.predsjednikfbih.gov.ba\/wp-content\/uploads\/2024\/06\/DSC07200.jpeg 1920w\" sizes=\"(max-width: 1024px) 100vw, 1024px\" \/> <img decoding=\"async\" class=\"alignnone size-large wp-image-1144\" src=\"https:\/\/www.predsjednikfbih.gov.ba\/wp-content\/uploads\/2024\/06\/DSC07316-1024x683.jpeg\" alt=\"\" width=\"1024\" height=\"683\" srcset=\"https:\/\/www.predsjednikfbih.gov.ba\/wp-content\/uploads\/2024\/06\/DSC07316-1024x683.jpeg 1024w, https:\/\/www.predsjednikfbih.gov.ba\/wp-content\/uploads\/2024\/06\/DSC07316-300x200.jpeg 300w, https:\/\/www.predsjednikfbih.gov.ba\/wp-content\/uploads\/2024\/06\/DSC07316-768x512.jpeg 768w, https:\/\/www.predsjednikfbih.gov.ba\/wp-content\/uploads\/2024\/06\/DSC07316-1536x1024.jpeg 1536w, https:\/\/www.predsjednikfbih.gov.ba\/wp-content\/uploads\/2024\/06\/DSC07316.jpeg 1920w\" sizes=\"(max-width: 1024px) 100vw, 1024px\" \/> <img decoding=\"async\" class=\"alignnone size-large wp-image-1140\" src=\"https:\/\/www.predsjednikfbih.gov.ba\/wp-content\/uploads\/2024\/06\/DSC07242-1024x683.jpeg\" alt=\"\" width=\"1024\" height=\"683\" srcset=\"https:\/\/www.predsjednikfbih.gov.ba\/wp-content\/uploads\/2024\/06\/DSC07242-1024x683.jpeg 1024w, https:\/\/www.predsjednikfbih.gov.ba\/wp-content\/uploads\/2024\/06\/DSC07242-300x200.jpeg 300w, https:\/\/www.predsjednikfbih.gov.ba\/wp-content\/uploads\/2024\/06\/DSC07242-768x512.jpeg 768w, https:\/\/www.predsjednikfbih.gov.ba\/wp-content\/uploads\/2024\/06\/DSC07242-1536x1024.jpeg 1536w, https:\/\/www.predsjednikfbih.gov.ba\/wp-content\/uploads\/2024\/06\/DSC07242.jpeg 1920w\" sizes=\"(max-width: 1024px) 100vw, 1024px\" \/><\/p>\n","protected":false},"excerpt":{"rendered":"<p>31. obljetnica bitke za Pje\u0161\u010daru, jedne od klju\u010dnih bitaka u Sredi\u0161njoj Bosni, u kojoj je [&hellip;]<\/p>\n","protected":false},"author":1,"featured_media":1138,"comment_status":"open","ping_status":"open","sticky":false,"template":"","format":"standard","meta":{"inline_featured_image":false,"footnotes":""},"categories":[3,4,7],"tags":[],"class_list":["post-1136","post","type-post","status-publish","format-standard","has-post-thumbnail","hentry","category-novosti","category-objave","category-priopcenja"],"acf":[],"_links":{"self":[{"href":"https:\/\/www.predsjednikfbih.gov.ba\/index.php\/wp-json\/wp\/v2\/posts\/1136","targetHints":{"allow":["GET"]}}],"collection":[{"href":"https:\/\/www.predsjednikfbih.gov.ba\/index.php\/wp-json\/wp\/v2\/posts"}],"about":[{"href":"https:\/\/www.predsjednikfbih.gov.ba\/index.php\/wp-json\/wp\/v2\/types\/post"}],"author":[{"embeddable":true,"href":"https:\/\/www.predsjednikfbih.gov.ba\/index.php\/wp-json\/wp\/v2\/users\/1"}],"replies":[{"embeddable":true,"href":"https:\/\/www.predsjednikfbih.gov.ba\/index.php\/wp-json\/wp\/v2\/comments?post=1136"}],"version-history":[{"count":1,"href":"https:\/\/www.predsjednikfbih.gov.ba\/index.php\/wp-json\/wp\/v2\/posts\/1136\/revisions"}],"predecessor-version":[{"id":1145,"href":"https:\/\/www.predsjednikfbih.gov.ba\/index.php\/wp-json\/wp\/v2\/posts\/1136\/revisions\/1145"}],"wp:featuredmedia":[{"embeddable":true,"href":"https:\/\/www.predsjednikfbih.gov.ba\/index.php\/wp-json\/wp\/v2\/media\/1138"}],"wp:attachment":[{"href":"https:\/\/www.predsjednikfbih.gov.ba\/index.php\/wp-json\/wp\/v2\/media?parent=1136"}],"wp:term":[{"taxonomy":"category","embeddable":true,"href":"https:\/\/www.predsjednikfbih.gov.ba\/index.php\/wp-json\/wp\/v2\/categories?post=1136"},{"taxonomy":"post_tag","embeddable":true,"href":"https:\/\/www.predsjednikfbih.gov.ba\/index.php\/wp-json\/wp\/v2\/tags?post=1136"}],"curies":[{"name":"wp","href":"https:\/\/api.w.org\/{rel}","templated":true}]}}